{"id":2735,"date":"2015-04-10T18:58:00","date_gmt":"2015-04-10T18:58:00","guid":{"rendered":"http:\/\/172.16.0.7\/site-antigo\/?p=2735"},"modified":"2024-10-08T09:10:13","modified_gmt":"2024-10-08T12:10:13","slug":"municipio-lanca-o-programa-calcada-solidaria","status":"publish","type":"post","link":"http:\/\/www.apucarana.pr.gov.br\/site\/municipio-lanca-o-programa-calcada-solidaria\/","title":{"rendered":"Munic\u00edpio lan\u00e7a o programa Cal\u00e7ada Solid\u00e1ria"},"content":{"rendered":"<p><p><span style=\"letter-spacing: -0.02em; line-height: 1.45em; background-color: initial;\">A prefeitura de Apucarana lan\u00e7ou na noite de ontem o programa Cal\u00e7ada Solid\u00e1ria. O programa consiste na constru\u00e7\u00e3o de cal\u00e7adas em parceria com os contribuintes. O munic\u00edpio vai fornecer o material e os moradores contribuem com a m\u00e3o de obra. O projeto piloto do programa ser\u00e1 feito no Residencial Sanches dos Santos, onde tr\u00eas ruas acabaram de ser asfaltadas. O vice-prefeito J\u00fanior da Femac se reuniu com moradores na noite de quinta-feira e lan\u00e7ou o programa.<\/span><\/p>\n<p>&ldquo;Conclu\u00edmos a poucos dias uma nova etapa de pavimenta\u00e7\u00e3o asf\u00e1ltica neste bairro e agora estamos mobilizando a comunidade para participar do projeto que o prefeito Beto Preto denominou cal\u00e7ada solid\u00e1ria&rdquo;, anunciou Junior da Femac.<\/p>\n<p>Segundo ele, a prefeitura ir\u00e1 disponibilizar uma equipe t\u00e9cnica composta de cinco oper\u00e1rios, que ir\u00e3o trabalhar no nivelamento das cal\u00e7adas e marca\u00e7\u00f5es, para a posterior aplica\u00e7\u00e3o do concreto. &ldquo;Esperamos contar com a ades\u00e3o de homens e mulheres do Sanches dos Santos na constru\u00e7\u00e3o das cal\u00e7adas em tr\u00eas trechos das ruas Andr\u00e9 Celso Spack, Nelson de Souza e Angelo Mantovani&rdquo;, comentou o vice-prefeito, avaliando ainda que se a experi\u00eancia for positiva, o prefeito Beto Preto quer levar o projeto para outros bairros.<\/p>\n<p>Dezenas de moradores do Sanches dos Santos e de bairros vizinhos participaram da reuni\u00e3o na qual foi lan\u00e7ado o projeto Cal\u00e7ada Solid\u00e1ria. O presidente da Associa\u00e7\u00e3o de Moradores do Sanches dos Santos, Eduardo da Rocha, afirma que a comunidade gostou da proposta. &ldquo;J\u00e1 ganhamos o asfalto e agora vai ficar ainda melhor com as cal\u00e7adas&rdquo;, avalia Rocha, acrescentando que cada fam\u00edlia ter\u00e1 uma boa economia com essa parceria com a prefeitura. O mutir\u00e3o para constru\u00e7\u00e3o das cal\u00e7adas j\u00e1 est\u00e1 marcado para o dia 18 pr\u00f3ximo, um s\u00e1bado, a partir das 8 horas da manh\u00e3. <\/p>\n<p><\/p>\n","protected":false},"excerpt":{"rendered":"<p>Prefeitura vai fornecer o material e os moradores contribuem com a m&atilde;o de obra<\/p>\n","protected":false},"author":4,"featured_media":0,"comment_status":"closed","ping_status":"closed","sticky":false,"template":"","format":"standard","meta":{"footnotes":""},"categories":[24],"tags":[],"class_list":["post-2735","post","type-post","status-publish","format-standard","hentry","category-noticias"],"acf":[],"_links":{"self":[{"href":"http:\/\/www.apucarana.pr.gov.br\/site\/wp-json\/wp\/v2\/posts\/2735","targetHints":{"allow":["GET"]}}],"collection":[{"href":"http:\/\/www.apucarana.pr.gov.br\/site\/wp-json\/wp\/v2\/posts"}],"about":[{"href":"http:\/\/www.apucarana.pr.gov.br\/site\/wp-json\/wp\/v2\/types\/post"}],"author":[{"embeddable":true,"href":"http:\/\/www.apucarana.pr.gov.br\/site\/wp-json\/wp\/v2\/users\/4"}],"replies":[{"embeddable":true,"href":"http:\/\/www.apucarana.pr.gov.br\/site\/wp-json\/wp\/v2\/comments?post=2735"}],"version-history":[{"count":1,"href":"http:\/\/www.apucarana.pr.gov.br\/site\/wp-json\/wp\/v2\/posts\/2735\/revisions"}],"predecessor-version":[{"id":104144,"href":"http:\/\/www.apucarana.pr.gov.br\/site\/wp-json\/wp\/v2\/posts\/2735\/revisions\/104144"}],"wp:attachment":[{"href":"http:\/\/www.apucarana.pr.gov.br\/site\/wp-json\/wp\/v2\/media?parent=2735"}],"wp:term":[{"taxonomy":"category","embeddable":true,"href":"http:\/\/www.apucarana.pr.gov.br\/site\/wp-json\/wp\/v2\/categories?post=2735"},{"taxonomy":"post_tag","embeddable":true,"href":"http:\/\/www.apucarana.pr.gov.br\/site\/wp-json\/wp\/v2\/tags?post=2735"}],"curies":[{"name":"wp","href":"https:\/\/api.w.org\/{rel}","templated":true}]}}