{"id":2734,"date":"2015-04-10T18:13:59","date_gmt":"2015-04-10T18:13:59","guid":{"rendered":"http:\/\/172.16.0.7\/site-antigo\/?p=2734"},"modified":"2024-10-08T09:10:13","modified_gmt":"2024-10-08T12:10:13","slug":"prefeitura-entrega-enxoval-para-150-gestantes","status":"publish","type":"post","link":"http:\/\/www.apucarana.pr.gov.br\/site\/prefeitura-entrega-enxoval-para-150-gestantes\/","title":{"rendered":"Prefeitura entrega enxoval para 150 gestantes"},"content":{"rendered":"<p><p><span style=\"letter-spacing: -0.02em; line-height: 1.45em; background-color: initial;\">A Prefeitura de Apucarana, atrav\u00e9s do programa Parto Humanizado, mantido em parceria com a concession\u00e1ria Rodonorte, entregou hoje mais 150 kits de enxoval para beb\u00eas a mulheres atendidas na Casa da Gestante que j\u00e1 completaram pelo menos sete consultas do pr\u00e9-natal. O requisito visa contribuir com a redu\u00e7\u00e3o da mortalidade materna e infantil no munic\u00edpio.<\/span><\/p>\n<p>No evento realizado no Espa\u00e7o Festa Lazer e A\u00e7\u00e3o, al\u00e9m de receber o kit com roupas e 40 fraldas, as gestantes participaram de atividade laboral com a fisioterapeuta da Casa da Gestante. Tamb\u00e9m fez parte da programa\u00e7\u00e3o palestras com o representante do SESI, Guilherme Carvalho, sobre o tem &ldquo;Gesta\u00e7\u00e3o, Amamenta\u00e7\u00e3o e Oito Jeitos de Mudar o Mundo&rdquo; e com a dermatologista Nathalia Zardo, que abortou o tema &ldquo;Altera\u00e7\u00f5es Dermatol\u00f3gicas da Gesta\u00e7\u00e3o&rdquo;.<\/p>\n<p>A entrega dos kits \u00e9 feita v\u00e1rias vezes ao ano como forma de atender todas as mulheres que atinjam o est\u00e1gio de 7 consultas do pr\u00e9-natal. O evento de hoje j\u00e1 \u00e9 o segundo de 2015. No final de fevereiro, outras 250 gestantes tamb\u00e9m foram contempladas com o enxoval.<\/p>\n<p>A Casa da Gestante atende a uma m\u00e9dia de 1,5 mil gr\u00e1vidas anualmente. Pela parceria, a Rodonorte disponibiliza R$ 90 mil para a aquisi\u00e7\u00e3o dos kits. O valor \u00e9 repassado para o Conselho Municipal dos Direitos da Crian\u00e7a e do Adolescente (CMDCA) e licitado pela Secretaria Municipal de Assist\u00eancia Social.<\/p>\n<p><\/p>\n","protected":false},"excerpt":{"rendered":"<p>Munic&iacute;pio mant&eacute;m parceria com Rodonorte visando a redu&ccedil;&atilde;o da mortalidade infantil<\/p>\n","protected":false},"author":4,"featured_media":0,"comment_status":"closed","ping_status":"closed","sticky":false,"template":"","format":"standard","meta":{"footnotes":""},"categories":[24],"tags":[],"class_list":["post-2734","post","type-post","status-publish","format-standard","hentry","category-noticias"],"acf":[],"_links":{"self":[{"href":"http:\/\/www.apucarana.pr.gov.br\/site\/wp-json\/wp\/v2\/posts\/2734","targetHints":{"allow":["GET"]}}],"collection":[{"href":"http:\/\/www.apucarana.pr.gov.br\/site\/wp-json\/wp\/v2\/posts"}],"about":[{"href":"http:\/\/www.apucarana.pr.gov.br\/site\/wp-json\/wp\/v2\/types\/post"}],"author":[{"embeddable":true,"href":"http:\/\/www.apucarana.pr.gov.br\/site\/wp-json\/wp\/v2\/users\/4"}],"replies":[{"embeddable":true,"href":"http:\/\/www.apucarana.pr.gov.br\/site\/wp-json\/wp\/v2\/comments?post=2734"}],"version-history":[{"count":1,"href":"http:\/\/www.apucarana.pr.gov.br\/site\/wp-json\/wp\/v2\/posts\/2734\/revisions"}],"predecessor-version":[{"id":104145,"href":"http:\/\/www.apucarana.pr.gov.br\/site\/wp-json\/wp\/v2\/posts\/2734\/revisions\/104145"}],"wp:attachment":[{"href":"http:\/\/www.apucarana.pr.gov.br\/site\/wp-json\/wp\/v2\/media?parent=2734"}],"wp:term":[{"taxonomy":"category","embeddable":true,"href":"http:\/\/www.apucarana.pr.gov.br\/site\/wp-json\/wp\/v2\/categories?post=2734"},{"taxonomy":"post_tag","embeddable":true,"href":"http:\/\/www.apucarana.pr.gov.br\/site\/wp-json\/wp\/v2\/tags?post=2734"}],"curies":[{"name":"wp","href":"https:\/\/api.w.org\/{rel}","templated":true}]}}