{"id":2732,"date":"2015-04-10T12:15:59","date_gmt":"2015-04-10T12:15:59","guid":{"rendered":"http:\/\/172.16.0.7\/site-antigo\/?p=2732"},"modified":"2024-10-08T09:10:13","modified_gmt":"2024-10-08T12:10:13","slug":"apucarana-abre-fase-municipal-dos-62-jogos-escolares-do-parana","status":"publish","type":"post","link":"http:\/\/www.apucarana.pr.gov.br\/site\/apucarana-abre-fase-municipal-dos-62-jogos-escolares-do-parana\/","title":{"rendered":"Apucarana abre fase municipal dos 62\u00ba Jogos Escolares do Paran\u00e1"},"content":{"rendered":"<p><span style=\"letter-spacing: -0.02em; line-height: 1.45em; background-color: initial;\">Com a presen\u00e7a de mais de 1.200 atletas, foi aberta nesta sexta-feira (10\/04) a fase municipal dos 62\u00ba Jogos Escolares do Paran\u00e1 (JEP&acute;s). A cerim&ocirc;nia, realizada no Centro Esportivo Madre Josafa, do Col\u00e9gio Nossa Senhora da Gl\u00f3ria, reuniu delega\u00e7\u00f5es dos 22 estabelecimentos de ensino das redes p\u00fablica e privada que participar\u00e3o dos jogos. As disputas, que v\u00e3o ocorrer em seis modalidades, come\u00e7am neste s\u00e1bado e domingo, tendo prosseguimento ao longo da semana.<\/span><\/p>\n<p>Os jogos foram declarados abertos pelo secret\u00e1rio municipal de Governo, S\u00e9rgio Luiz Barroso, que no ato representou o prefeito de Apucarana, Beto Preto. &ldquo;A pr\u00e1tica do esporte \u00e9 um fator preponderante para a forma\u00e7\u00e3o da personalidade e para o desenvolvimento do aprendizado escolar. Espero que voc\u00eas mantenham o entusiasmo e fa\u00e7am dos jogos um grande congra\u00e7amento&rdquo;, disse Barroso, ao saudar atletas, professores e gestores envolvidos na organiza\u00e7\u00e3o do evento.<\/p>\n<p>Os 62\u00ba Jogos Escolares do Paran\u00e1 (62\u00ba JEPs) s\u00e3o organizados pelo Governo do Paran\u00e1, atrav\u00e9s da Secretaria de Estado da Educa\u00e7\u00e3o (SEED), Secretaria de Estado do Esporte e do Turismo (SEET), N\u00facleos Regionais de Educa\u00e7\u00e3o (NREs) e Escrit\u00f3rios Regionais de Esporte (EREs), com apoio das prefeituras e entidades de administra\u00e7\u00e3o do desporto do Estado. <\/p>\n<p>Estiveram ainda presentes na abertura da fase municipal, o secret\u00e1rio municipal de Esportes e Lazer, Paulo Aparecido Kisner, e o coordenador dos jogos no N\u00facleo Regional de Ensino (NRE), Robson Ant&ocirc;nio Desidera, al\u00e9m dos secret\u00e1rios municipais da Fazenda, Marcelo Machado, da Gest\u00e3o P\u00fablica, Nikokai Cernescu Junior, da Educa\u00e7\u00e3o, Marli Regina Fernandes da Silva, e da Mulher e Assuntos da Fam\u00edlia, Denise Canesin Machado.<\/p>\n<p>Dentro do esp\u00edrito de inclus\u00e3o de portadores de necessidades especiais, o fogo simb\u00f3lico foi conduzido por Isabelle Beatriz Lopes, aluna da Escola Municipal Karel Kober, enquanto a pira ol\u00edmpica foi acesa por Gabriel Piassa de Oliveira, do Col\u00e9gio Nossa Senhora da Gl\u00f3ria, e o juramento foi feito pela atleta Ana Beatriz Guedes, do Col\u00e9gio Estadual Nilo Cairo. A solenidade de abertura contou ainda com a entrada das bandeiras do Brasil, do Estado do Paran\u00e1 e do Munic\u00edpio de Apucarana, al\u00e9m da execu\u00e7\u00e3o dos hinos nacional e de Apucarana pela Banda Municipal Maestro Jo\u00e3o Florindo da Silva e de uma apresenta\u00e7\u00e3o de dan\u00e7a de professoras da rede municipal de ensino.<\/p>\n<p>De acordo com Paulo Kisner (Paul\u00e3o), a fase municipal abranger\u00e1 as modalidades de futsal, basquetebol, handebol, v&ocirc;lei, v&ocirc;lei de praia e futebol de campo. &ldquo;As disputas ocorrem nas categorias A, de 15 a 17 anos de idade, e B, de 12 a 14 anos, nos naipes masculino e feminino, sendo que os campe\u00f5es desta etapa representar\u00e3o Apucarana na fase regional dos jogos&rdquo;, frisa Paul\u00e3o, lembrando que a fase municipal do futebol &ldquo;Bom de Bola&rdquo; ser\u00e1 disputada a partir do dia 22 de abril. <\/p>\n<p>Paul\u00e3o destacou ainda o envolvimento dos professores de educa\u00e7\u00e3o f\u00edsica na forma\u00e7\u00e3o das equipes e nos treinamentos, informandoque as disputas v\u00e3o ocorrer nos gin\u00e1sios dos col\u00e9gios estaduais Pe. Jos\u00e9 de Anchieta, Pe. Jos\u00e9 Canale, Adildo Mecenas (Cebol\u00e3o), Ant&ocirc;nio dos Tr\u00eas Reis de Oliveira, e das escolas municipais Jos\u00e9 Id\u00e9sio Brianezi e Edson Giacomini. J\u00e1 as partidas do &ldquo;Bom de Bola&rdquo; v\u00e3o acontecer nos campos Hairton Santos (Z\u00e9 Rico), Frigosanto, T\u00eaxtil e UTFPR.<\/p>\n<p>Conforme o coordenador dos (JEP&acute;s) no N\u00facleo Regional de Ensino, a fase regional dos jogos acontecer\u00e1 no per\u00edodo de 22 a 28 de maio em Maril&acirc;ndia do Sul, enquanto as disputas do &ldquo;Bom de Bola&rdquo; est\u00e3o v\u00e3o ocorrer de 29 a 31 daquele m\u00eas. &ldquo;J\u00e1 a fase macrorregional ser\u00e1 de 10 a 14 de junho, em Ibipor\u00e3, reunindo 72 munic\u00edpios oriundos de quatro n\u00facleos regionais&rdquo;, informa Desidera.<\/p>\n<p><b>Conhe\u00e7a as 22 institui\u00e7\u00f5es que v\u00e3o participar da fase municipal geralCol\u00e9gio Estadual Padre Jos\u00e9 Canale; <\/b>Col\u00e9gio Mater Dei; Col\u00e9gio Nossa Senhora da Gl\u00f3ria; Col\u00e9gio Estadual S\u00e3o Bartolomeu; Col\u00e9gio Estadual Izidoro Luiz Cer\u00e1volo; Col\u00e9gio Plat\u00e3o; Col\u00e9gio Estadual Professora Godom\u00e1 Bevil\u00e1qua de Oliveira; Col\u00e9gio Nossa Senhora da Alegria; Col\u00e9gio Estadual Carlos Massareto; Col\u00e9gio Estadual Osmar Guaracy Freire; Col\u00e9gio Sesi; Col\u00e9gio Tadashi Enomoto; Col\u00e9gio Estadual Coronel Luiz Jos\u00e9 dos Santos; Col\u00e9gio Estadual Jos\u00e9 de Anchieta; Col\u00e9gio Estadual Agr\u00edcola Manoel Ribas; Col\u00e9gio Estadual Francisco Ant&ocirc;nio de Souza; Col\u00e9gio Estadual Nilo Cairo; Col\u00e9gio Estadual Polivalente de Apucarana; Col\u00e9gio Estadual Alberto Santos Dumont; Col\u00e9gio S\u00e3o Jos\u00e9; Col\u00e9gio Estadual Ant&ocirc;nio dos Tr\u00eas Reis de Oliveira; Col\u00e9gio Estadual Vale do Saber.<\/p>\n<p> <b>Conhe\u00e7a as nove institui\u00e7\u00f5es que v\u00e3o participar do futebol Bom de Bola<\/b><br \/> Col\u00e9gio Plat\u00e3o; Col\u00e9gio Estadual Nilo Cairo; Col\u00e9gio Estadual Tadashi Enomoto; Col\u00e9gio Estadual Coronel Jos\u00e9 Luiz dos Santos; Col\u00e9gio S\u00e3o Jos\u00e9; Col\u00e9gio Estadual Padre Jos\u00e9 de Anchieta; Col\u00e9gio Estadual Osmar Guaracy Freire; Col\u00e9gio Estadual Polivalente de Apucarana e Col\u00e9gio Estadual Ant&ocirc;nio dos Tr\u00eas Reis de Oliveira.<\/p>\n<p><\/p>\n","protected":false},"excerpt":{"rendered":"<p>As disputas, que v&atilde;o ocorrer em seis modalidades, come&ccedil;am neste s&aacute;bado e domingo, tendo prosseguimento ao longo da semana<\/p>\n","protected":false},"author":4,"featured_media":0,"comment_status":"closed","ping_status":"closed","sticky":false,"template":"","format":"standard","meta":{"footnotes":""},"categories":[24],"tags":[],"class_list":["post-2732","post","type-post","status-publish","format-standard","hentry","category-noticias"],"acf":[],"_links":{"self":[{"href":"http:\/\/www.apucarana.pr.gov.br\/site\/wp-json\/wp\/v2\/posts\/2732","targetHints":{"allow":["GET"]}}],"collection":[{"href":"http:\/\/www.apucarana.pr.gov.br\/site\/wp-json\/wp\/v2\/posts"}],"about":[{"href":"http:\/\/www.apucarana.pr.gov.br\/site\/wp-json\/wp\/v2\/types\/post"}],"author":[{"embeddable":true,"href":"http:\/\/www.apucarana.pr.gov.br\/site\/wp-json\/wp\/v2\/users\/4"}],"replies":[{"embeddable":true,"href":"http:\/\/www.apucarana.pr.gov.br\/site\/wp-json\/wp\/v2\/comments?post=2732"}],"version-history":[{"count":1,"href":"http:\/\/www.apucarana.pr.gov.br\/site\/wp-json\/wp\/v2\/posts\/2732\/revisions"}],"predecessor-version":[{"id":104147,"href":"http:\/\/www.apucarana.pr.gov.br\/site\/wp-json\/wp\/v2\/posts\/2732\/revisions\/104147"}],"wp:attachment":[{"href":"http:\/\/www.apucarana.pr.gov.br\/site\/wp-json\/wp\/v2\/media?parent=2732"}],"wp:term":[{"taxonomy":"category","embeddable":true,"href":"http:\/\/www.apucarana.pr.gov.br\/site\/wp-json\/wp\/v2\/categories?post=2732"},{"taxonomy":"post_tag","embeddable":true,"href":"http:\/\/www.apucarana.pr.gov.br\/site\/wp-json\/wp\/v2\/tags?post=2732"}],"curies":[{"name":"wp","href":"https:\/\/api.w.org\/{rel}","templated":true}]}}