{"id":2731,"date":"2015-04-09T21:56:59","date_gmt":"2015-04-09T21:56:59","guid":{"rendered":"http:\/\/172.16.0.7\/site-antigo\/?p=2731"},"modified":"2024-10-08T09:10:13","modified_gmt":"2024-10-08T12:10:13","slug":"prefeito-beto-preto-e-eleito-vice-presidente-da-fnp-no-parana","status":"publish","type":"post","link":"http:\/\/www.apucarana.pr.gov.br\/site\/prefeito-beto-preto-e-eleito-vice-presidente-da-fnp-no-parana\/","title":{"rendered":"Prefeito Beto Preto \u00e9 eleito vice-presidente da FNP no Paran\u00e1"},"content":{"rendered":"<p><p><span style=\"letter-spacing: -0.02em; line-height: 1.45em; background-color: initial;\">O prefeito de Apucarana, Beto Preto, foi eleito na noite de anteontem (8), em Bras\u00edlia, vice-presidente da Frente Nacional de Prefeitos (FNP) para o Paran\u00e1. A indica\u00e7\u00e3o do apucaranense foi referendada pelas lideran\u00e7as municipalistas do Pa\u00eds, principalmente em fun\u00e7\u00e3o do hist\u00f3rico de Beto Preto na \u00e1rea da sa\u00fade, tendo atuado como ouvidor nacional do SUS e no Conselho Nacional de Secret\u00e1rios Municipais de Sa\u00fade.<\/span><\/p>\n<p>Marcio Lacerda, prefeito de Belo Horizonte (MG), foi eleito, por consenso, o novo presidente da Frente Nacional de Prefeitos (FNP). A vota\u00e7\u00e3o aconteceu durante a 67\u00aa Reuni\u00e3o Geral da entidade, no &acirc;mbito do 3\u00ba Encontro dos Munic\u00edpios com Desenvolvimento Sustent\u00e1vel (EMDS). <\/p>\n<p>Os prefeitos de S\u00e3o Paulo (SP), Fernando Haddad, e de Aparecida de Goi&acirc;nia (GO), Maguito Vilela respectivamente foram eleitos, respectivamente, 1\u00ba e 2\u00ba vice-presidente Nacional da entidade para o bi\u00eanio 2015\/2016.<\/p>\n<p>Segundo o presidente eleito, essa \u00e9 uma miss\u00e3o que ir\u00e1 encarar com muito comprometimento e responsabilidade. &#8220;&Eacute; um trabalho de equipe, um assunto muito vasto, de alta complexidade, mas com a diretoria que temos, especializada, acho que ser\u00e1 mais f\u00e1cil. Recebo hoje uma heran\u00e7a boa, que \u00e9 uma entidade consolidada&#8221;, falou Lacerda.<\/p>\n<p>Fortunati endossou o discurso do prefeito mineiro. &#8220;A FNP \u00e9 composta dessa sinergia maravilhosa que temos nos munic\u00edpios brasileiros. A medida que mais prefeitos se engajam para lutar pelo municipalismo, todos n\u00f3s sa\u00edmos mais fortalecidos&#8221;, falou o prefeito de Porto Alegre (RS), Fortunati, que passou o comando da entidade para Lacerda, no audit\u00f3rio Planalto do Centro de Conven\u00e7\u00f5es Ulysses Guimar\u00e3es.<\/p>\n<p><b style=\"letter-spacing: -0.02em; line-height: 1.45em; background-color: initial;\">Sa\u00fade e articula\u00e7\u00e3o pol\u00edtica<\/b><\/p>\n<p>&ldquo;Na noite desta quarta-feira(8) j\u00e1 iniciamos o nosso trabalho, com a primeira reuni\u00e3o da nova diretoria da Frente Nacional de Prefeitos&rdquo;, informou o m\u00e9dico Beto Preto. Ele anunciou uma nova reuni\u00e3o j\u00e1 est\u00e1 agendada para o m\u00eas de maio.<\/p>\n<p>&ldquo;O meu papel na FNP estar\u00e1 diretamente ligado \u00e0 \u00e1rea de sa\u00fade e tamb\u00e9m na articula\u00e7\u00e3o pol\u00edtica com a bancada paranaense no Congresso Nacional&rdquo;, revelou o prefeito de Apucarana.<\/p>\n<p>Beto Preto fez quest\u00e3o de lembrar que Apucarana \u00e9 um dos munic\u00edpios mais endividados do Pa\u00eds, e que a Frente Nacional de Prefeitos atua diretamente neste campo. &ldquo;Estamos trabalhando com firmeza para amenizar o quadro de endividamento de Apucarana, fruto da conduta irrespons\u00e1vel de um ex-gestor municipal&rdquo;, concluiu.<\/p>\n<p><\/p>\n","protected":false},"excerpt":{"rendered":"<p>Indica&ccedil;&atilde;o do apucaranense foi referendada pelas lideran&ccedil;as municipalistas do Pa&iacute;s<\/p>\n","protected":false},"author":4,"featured_media":0,"comment_status":"closed","ping_status":"closed","sticky":false,"template":"","format":"standard","meta":{"footnotes":""},"categories":[24],"tags":[],"class_list":["post-2731","post","type-post","status-publish","format-standard","hentry","category-noticias"],"acf":[],"_links":{"self":[{"href":"http:\/\/www.apucarana.pr.gov.br\/site\/wp-json\/wp\/v2\/posts\/2731","targetHints":{"allow":["GET"]}}],"collection":[{"href":"http:\/\/www.apucarana.pr.gov.br\/site\/wp-json\/wp\/v2\/posts"}],"about":[{"href":"http:\/\/www.apucarana.pr.gov.br\/site\/wp-json\/wp\/v2\/types\/post"}],"author":[{"embeddable":true,"href":"http:\/\/www.apucarana.pr.gov.br\/site\/wp-json\/wp\/v2\/users\/4"}],"replies":[{"embeddable":true,"href":"http:\/\/www.apucarana.pr.gov.br\/site\/wp-json\/wp\/v2\/comments?post=2731"}],"version-history":[{"count":1,"href":"http:\/\/www.apucarana.pr.gov.br\/site\/wp-json\/wp\/v2\/posts\/2731\/revisions"}],"predecessor-version":[{"id":104148,"href":"http:\/\/www.apucarana.pr.gov.br\/site\/wp-json\/wp\/v2\/posts\/2731\/revisions\/104148"}],"wp:attachment":[{"href":"http:\/\/www.apucarana.pr.gov.br\/site\/wp-json\/wp\/v2\/media?parent=2731"}],"wp:term":[{"taxonomy":"category","embeddable":true,"href":"http:\/\/www.apucarana.pr.gov.br\/site\/wp-json\/wp\/v2\/categories?post=2731"},{"taxonomy":"post_tag","embeddable":true,"href":"http:\/\/www.apucarana.pr.gov.br\/site\/wp-json\/wp\/v2\/tags?post=2731"}],"curies":[{"name":"wp","href":"https:\/\/api.w.org\/{rel}","templated":true}]}}