{"id":2730,"date":"2015-04-09T17:42:59","date_gmt":"2015-04-09T17:42:59","guid":{"rendered":"http:\/\/172.16.0.7\/site-antigo\/?p=2730"},"modified":"2024-10-08T09:10:13","modified_gmt":"2024-10-08T12:10:13","slug":"prefeitos-da-regiao-metropolitana-conhecem-o-estatuto-da-metropole","status":"publish","type":"post","link":"http:\/\/www.apucarana.pr.gov.br\/site\/prefeitos-da-regiao-metropolitana-conhecem-o-estatuto-da-metropole\/","title":{"rendered":"Prefeitos da regi\u00e3o metropolitana conhecem o Estatuto da Metr\u00f3pole"},"content":{"rendered":"<p><p><span style=\"letter-spacing: -0.02em; line-height: 1.45em; background-color: initial;\">Os 23 prefeitos dos munic\u00edpios que comp\u00f5em a rec\u00e9m-criada Regi\u00e3o Metropolitana de Apucarana (RMA) participam nesta sexta-feira (10\/04), das 13h30 \u00e0s 17 horas, no audit\u00f3rio da OAB, de um debate sobre a Lei Federal n\u00ba 13.089\/2015, que instituiu o Estatuto da Metr\u00f3pole. A legisla\u00e7\u00e3o, sancionada em janeiro deste ano pela presidente da Rep\u00fablica Dilma Rousseff, estabelece as diretrizes gerais para o planejamento, a gest\u00e3o e a execu\u00e7\u00e3o das fun\u00e7\u00f5es p\u00fablicas de interesse comum em regi\u00f5es metropolitanas e em aglomera\u00e7\u00f5es urbanas institu\u00eddas pelos Estados.<br \/><\/span><span style=\"letter-spacing: -0.02em; line-height: 1.45em; background-color: initial;\"><br \/>O prefeito Beto Preto (PT), anfitri\u00e3o do encontro, classifica o debate como hist\u00f3rico. &ldquo;Esta agenda \u00e9 o primeiro passo concreto que damos no sentido de estruturarmos fisicamente a nossa regi\u00e3o metropolitana, que <\/span><span style=\"letter-spacing: -0.02em; line-height: 1.45em; background-color: initial;\">traz novas perspectivas para Apucarana e regi\u00e3o&rdquo;, destaca. De acordo com ele, o conhecimento do Estatuto da Metr\u00f3pole \u00e9 fundamental para que os trabalhos da RMA tenham in\u00edcio com foco. &ldquo;Sobretudo com projetos visando o desenvolvimento regional em \u00e1reas como a da constru\u00e7\u00e3o civil, habita\u00e7\u00e3o, saneamento, transporte, entre outras&rdquo;, pontuou o prefeito de Apucarana.<br \/><\/span><span style=\"letter-spacing: -0.02em; line-height: 1.45em; background-color: initial;\"><br \/>O debate sobre a Lei Federal n\u00ba 13.089\/2015, organizado pelo Instituto de Desenvolvimento, Pesquisa e Planejamento de Apucarana (Idepplan), ter\u00e1 \u00e0 frente o assessor t\u00e9cnico da Secretaria Estadual de Desenvolvimento Urbano (Sedu), &Aacute;lvaro Cabrini J\u00fanior.<br \/><\/span><span style=\"letter-spacing: -0.02em; line-height: 1.45em; background-color: initial;\"><br \/><b>Representa\u00e7\u00e3o<\/b><\/span><span style=\"letter-spacing: -0.02em; line-height: 1.45em; background-color: initial;\"> &#8211; A RMA \u00e9 composta por Apucarana, Arapu\u00e3, Ariranha do Iva\u00ed, Borraz\u00f3polis, Calif\u00f3rnia, Cruzmaltina, Faxinal, Godoy Moreira, Grandes Rios, Ivaipor\u00e3, Jardim Alegre, Kalor\u00e9, Lidian\u00f3polis, Lunardelli, Maril&acirc;ndia do Sul, Marumbi, Mau\u00e1 da Serra, Novo Itacolomi, Rio Bom, Rio Branco do Iva\u00ed, Ros\u00e1rio do Iva\u00ed, S\u00e3o Jo\u00e3o do Iva\u00ed e S\u00e3o Pedro do Iva\u00ed.<br \/><\/span><span style=\"letter-spacing: -0.02em; line-height: 1.45em; background-color: initial;\"><br \/><b>Endere\u00e7o<\/b><\/span><span style=\"letter-spacing: -0.02em; line-height: 1.45em; background-color: initial;\"> &ndash; O audit\u00f3rio da OAB fica na Rua Ren\u00ea Camargo de Azambuja, 440, anexo ao Cine Teatro F\u00eanix. Mais informa\u00e7\u00f5es sobre o debate do Estatuto da Metr\u00f3pole podem ser obtidas pelo telefone 3162-4258.<\/span><\/p><\/p>\n","protected":false},"excerpt":{"rendered":"<p>O debate sobre a Lei Federal n&ordm; 13.089\/2015 &eacute; organizado pelo Instituto de Desenvolvimento, Pesquisa e Planejamento de Apucarana (Idepplan)<\/p>\n","protected":false},"author":4,"featured_media":0,"comment_status":"closed","ping_status":"closed","sticky":false,"template":"","format":"standard","meta":{"footnotes":""},"categories":[24],"tags":[],"class_list":["post-2730","post","type-post","status-publish","format-standard","hentry","category-noticias"],"acf":[],"_links":{"self":[{"href":"http:\/\/www.apucarana.pr.gov.br\/site\/wp-json\/wp\/v2\/posts\/2730","targetHints":{"allow":["GET"]}}],"collection":[{"href":"http:\/\/www.apucarana.pr.gov.br\/site\/wp-json\/wp\/v2\/posts"}],"about":[{"href":"http:\/\/www.apucarana.pr.gov.br\/site\/wp-json\/wp\/v2\/types\/post"}],"author":[{"embeddable":true,"href":"http:\/\/www.apucarana.pr.gov.br\/site\/wp-json\/wp\/v2\/users\/4"}],"replies":[{"embeddable":true,"href":"http:\/\/www.apucarana.pr.gov.br\/site\/wp-json\/wp\/v2\/comments?post=2730"}],"version-history":[{"count":1,"href":"http:\/\/www.apucarana.pr.gov.br\/site\/wp-json\/wp\/v2\/posts\/2730\/revisions"}],"predecessor-version":[{"id":104149,"href":"http:\/\/www.apucarana.pr.gov.br\/site\/wp-json\/wp\/v2\/posts\/2730\/revisions\/104149"}],"wp:attachment":[{"href":"http:\/\/www.apucarana.pr.gov.br\/site\/wp-json\/wp\/v2\/media?parent=2730"}],"wp:term":[{"taxonomy":"category","embeddable":true,"href":"http:\/\/www.apucarana.pr.gov.br\/site\/wp-json\/wp\/v2\/categories?post=2730"},{"taxonomy":"post_tag","embeddable":true,"href":"http:\/\/www.apucarana.pr.gov.br\/site\/wp-json\/wp\/v2\/tags?post=2730"}],"curies":[{"name":"wp","href":"https:\/\/api.w.org\/{rel}","templated":true}]}}