{"id":2729,"date":"2015-04-09T15:00:00","date_gmt":"2015-04-09T15:00:00","guid":{"rendered":"http:\/\/172.16.0.7\/site-antigo\/?p=2729"},"modified":"2024-10-08T09:10:13","modified_gmt":"2024-10-08T12:10:13","slug":"sarau-de-poesias-da-eja-e-apresentado-com-sucesso","status":"publish","type":"post","link":"http:\/\/www.apucarana.pr.gov.br\/site\/sarau-de-poesias-da-eja-e-apresentado-com-sucesso\/","title":{"rendered":"Sarau de Poesias da EJA \u00e9 apresentado com sucesso"},"content":{"rendered":"<p><p>A Autarquia Municipal de Educa\u00e7\u00e3o promoveu, na noite de ontem (08\/04), o 1\u00ba Sarau de Poesias da sua Educa\u00e7\u00e3o de Jovens e Adultos (EJA &ndash; fase I). O evento foi realizado na Associa\u00e7\u00e3o dos Funcion\u00e1rios Municipais de Apucarana (AFAP) e contou com grande participa\u00e7\u00e3o dos alunos.<\/p>\n<p>O Sarau de Poesias \u00e9 o ponto alto do projeto &ldquo;Versos na Escola&rdquo;, que vem sendo desenvolvido em toda a rede municipal de ensino e envolve tamb\u00e9m a Educa\u00e7\u00e3o Infantil e o Ensino Fundamental. A proposta tem por objetivo principal estimular a oralidade e a escrita dos alunos, de maneira criativa, cr\u00edtica e reflexiva acerca deste g\u00eanero textual. Os recitais das crian\u00e7as est\u00e3o agendados para os pr\u00f3ximos dias 27 e 28 de abril, a partir das 19h 30min, no Cine Teatro F\u00eanix.<\/p>\n<p>Durante o m\u00eas de mar\u00e7o, os professores da EJA mostraram aos estudantes obras po\u00e9ticas de diversos autores e desenvolveram atividades que foram desde a leitura, a ilustra\u00e7\u00e3o e a confec\u00e7\u00e3o de cartazes, at\u00e9 a produ\u00e7\u00e3o textual e a organiza\u00e7\u00e3o de recitais escolares. Posteriormente, os alunos que se destacaram nos trabalhos foram convidados a se apresentarem na AFAP.<\/p>\n<p>A maioria das 22 poesias recitadas ontem \u00e9 de autoria dos pr\u00f3prios estudantes da EJA, mas alguns tamb\u00e9m homenagearam escritores consagrados, como Cec\u00edlia Meireles, Cora Coralina, Vin\u00edcius de Moraes, Carlos Drummond de Andrade, Manuel Bandeira, Paulo Leminski, Helena Kolody e Ad\u00e9lia Prado.<\/p>\n<p>A secret\u00e1ria municipal de educa\u00e7\u00e3o, professora Marli Fernandes, prestigiou a apresenta\u00e7\u00e3o e parabenizou a todos os envolvidos em sua realiza\u00e7\u00e3o. &ldquo;Foi emocionante ver a alegria dos alunos diante dos conhecimentos adquiridos. A erradica\u00e7\u00e3o do analfabetismo em Apucarana \u00e9 prioridade para a atual administra\u00e7\u00e3o&rdquo;, disse. <\/p>\n<p> A Educa\u00e7\u00e3o de Jovens e Adultos, da Autarquia Municipal de Educa\u00e7\u00e3o, atende atualmente a 165 alunos, com a oferta dos anos iniciais do ensino fundamental em 3 polos e 4 escolas. Matr\u00edculas para novas turmas est\u00e3o sempre abertas e mais informa\u00e7\u00f5es podem ser obtidas por meio do telefone 3425-9079. <\/p>\n","protected":false},"excerpt":{"rendered":"<p>O Sarau de Poesias &eacute; o ponto alto do projeto &ldquo;Versos na Escola&rdquo;, que vem sendo desenvolvido em toda a rede municipal e envolve tamb&eacute;m a Educa&ccedil;&atilde;o Infantil e o Ensino Fundamental. <\/p>\n","protected":false},"author":4,"featured_media":0,"comment_status":"closed","ping_status":"closed","sticky":false,"template":"","format":"standard","meta":{"footnotes":""},"categories":[24],"tags":[],"class_list":["post-2729","post","type-post","status-publish","format-standard","hentry","category-noticias"],"acf":[],"_links":{"self":[{"href":"http:\/\/www.apucarana.pr.gov.br\/site\/wp-json\/wp\/v2\/posts\/2729","targetHints":{"allow":["GET"]}}],"collection":[{"href":"http:\/\/www.apucarana.pr.gov.br\/site\/wp-json\/wp\/v2\/posts"}],"about":[{"href":"http:\/\/www.apucarana.pr.gov.br\/site\/wp-json\/wp\/v2\/types\/post"}],"author":[{"embeddable":true,"href":"http:\/\/www.apucarana.pr.gov.br\/site\/wp-json\/wp\/v2\/users\/4"}],"replies":[{"embeddable":true,"href":"http:\/\/www.apucarana.pr.gov.br\/site\/wp-json\/wp\/v2\/comments?post=2729"}],"version-history":[{"count":1,"href":"http:\/\/www.apucarana.pr.gov.br\/site\/wp-json\/wp\/v2\/posts\/2729\/revisions"}],"predecessor-version":[{"id":104150,"href":"http:\/\/www.apucarana.pr.gov.br\/site\/wp-json\/wp\/v2\/posts\/2729\/revisions\/104150"}],"wp:attachment":[{"href":"http:\/\/www.apucarana.pr.gov.br\/site\/wp-json\/wp\/v2\/media?parent=2729"}],"wp:term":[{"taxonomy":"category","embeddable":true,"href":"http:\/\/www.apucarana.pr.gov.br\/site\/wp-json\/wp\/v2\/categories?post=2729"},{"taxonomy":"post_tag","embeddable":true,"href":"http:\/\/www.apucarana.pr.gov.br\/site\/wp-json\/wp\/v2\/tags?post=2729"}],"curies":[{"name":"wp","href":"https:\/\/api.w.org\/{rel}","templated":true}]}}