{"id":2728,"date":"2015-04-08T18:45:59","date_gmt":"2015-04-08T18:45:59","guid":{"rendered":"http:\/\/172.16.0.7\/site-antigo\/?p=2728"},"modified":"2024-10-08T09:10:13","modified_gmt":"2024-10-08T12:10:13","slug":"audiencia-apresenta-regras-gerais-do-orcamento-publico-de-2016","status":"publish","type":"post","link":"http:\/\/www.apucarana.pr.gov.br\/site\/audiencia-apresenta-regras-gerais-do-orcamento-publico-de-2016\/","title":{"rendered":"Audi\u00eancia apresenta regras gerais do or\u00e7amento p\u00fablico de 2016"},"content":{"rendered":"<p><p><span style=\"letter-spacing: -0.02em; line-height: 1.45em; background-color: initial;\">A proposta or\u00e7ament\u00e1ria para o exerc\u00edcio financeiro de 2016, em Apucarana, prev\u00ea<\/span><span style=\"letter-spacing: -0.02em; line-height: 1.45em; background-color: initial;\"> maior investimento nas pol\u00edticas de inclus\u00e3o social, promo\u00e7\u00e3o do desenvolvimento econ&ocirc;mico sustent\u00e1vel, do desenvolvimento urbano e rural, e da sa\u00fade municipal, al\u00e9m de combate \u00e0 explora\u00e7\u00e3o de crian\u00e7as e adolescentes, conserva\u00e7\u00e3o e revitaliza\u00e7\u00e3o do ambiente aliado \u00e0 austeridade na gest\u00e3o dos recursos p\u00fablicos.<\/span><\/p>\n<p>As metas, cujas despesas v\u00e3o estar previstas na Lei Or\u00e7ament\u00e1ria Anual (LOA), que dever\u00e1 ser encaminhada ao Poder Legislativo at\u00e9 30 de setembro, e devem ser compat\u00edveis com o Plano Plurianual (PPA) de 2014-2017, constam no projeto de lei municipal n\u00ba 021\/2015 &ndash; Lei de Diretrizes Or\u00e7ament\u00e1rias (LDO) para 2016, que foi apresentado pela Prefeitura de Apucarana nesta quarta-feira (08\/04), durante audi\u00eancia p\u00fablica no plen\u00e1rio da C&acirc;mara de Vereadores. <\/p>\n<p>Na ocasi\u00e3o, o secret\u00e1rio Municipal da Fazenda, Marcello Augusto Machado, explanou as <span>regras gerais da LDO, que entre outros pontos fixa as metas e riscos fiscais da municipalidade para o pr\u00f3ximo exerc\u00edcio. &ldquo;A apresenta\u00e7\u00e3o pr\u00e9via, aberta \u00e0 sociedade, est\u00e1 dentro do prop\u00f3sito do or\u00e7amento participativo, praticado pela atual administra\u00e7\u00e3o. O documento prev\u00ea que todas as a\u00e7\u00f5es da lei de diretrizes sejam realizadas de modo a evidenciar a transpar\u00eancia da gest\u00e3o fiscal, observando-se o princ\u00edpio da publicidade e permitindo o amplo acesso da sociedade a todas as informa\u00e7\u00f5es relativas a cada uma dessas etapas&rdquo;, diz Machado. <\/span><\/p>\n<p>A Lei Or\u00e7ament\u00e1ria, apresentada nesta quarta-feira, prev\u00ea que obras j\u00e1 iniciadas ter\u00e3o prioridade na aloca\u00e7\u00e3o dos recursos para a sua continuidade e conclus\u00e3o, e estabelece uma Reserva de Conting\u00eancia no valor de at\u00e9 2% da Receita Corrente L\u00edquida, destinada a atender aos passivos contingentes e a outros riscos e eventos fiscais imprevistos, conforme orienta a Lei de Responsabilidade Fiscal (LRF), al\u00e9m de estabelecer a obrigatoriedade de aplica\u00e7\u00e3o m\u00ednima dos \u00edndices constitucionais de 25% da receita resultante de impostos na manuten\u00e7\u00e3o e no desenvolvimento da Educa\u00e7\u00e3o, e pelo menos 15% em a\u00e7\u00f5es e servi\u00e7os p\u00fablicos de Sa\u00fade. <\/p>\n<p>O texto definitivo da LDO 2016 dever\u00e1 ser entregue para aprecia\u00e7\u00e3o dos vereadores at\u00e9 o dia 15 de abril. A partir da\u00ed, o Legislativo poder\u00e1 tamb\u00e9m convocar audi\u00eancia p\u00fablica para discuss\u00e3o, sendo que a avalia\u00e7\u00e3o da mat\u00e9ria, com poss\u00edveis proposi\u00e7\u00f5es de emendas, dever\u00e1 ser conclu\u00edda at\u00e9 o recesso legislativo de julho. <\/p>\n<p><b>Legislativo &ndash; <\/b>O projeto de lei da LDO 2016 tamb\u00e9m traz diretrizes espec\u00edficas para a C&acirc;mara Municipal, fixando que o total da despesa do Poder Legislativo Municipal, inclu\u00eddos os subs\u00eddios dos vereadores e exclu\u00eddos os gastos com inativos, n\u00e3o poder\u00e1 ultrapassar o percentual de 6%, relativo ao somat\u00f3rio da receita tribut\u00e1ria com as transfer\u00eancias constitucionais efetivamente realizado no exerc\u00edcio anterior.<\/p>\n<p>O duod\u00e9cimo devido ao Poder Legislativo dever\u00e1 ser repassado at\u00e9 o dia 20 de cada m\u00eas. J\u00e1 a despesa total com folha de pagamento do Poder Legislativo, inclu\u00eddos os gastos com subs\u00eddios dos vereadores, n\u00e3o poder\u00e1 ultrapassar 70% de sua receita. A proposta or\u00e7ament\u00e1ria do Legislativo Municipal, para fins de consolida\u00e7\u00e3o, dever\u00e1 ser encaminhada ao Poder Executivo at\u00e9 31 de agosto.<\/p>\n<p><\/p>\n","protected":false},"excerpt":{"rendered":"<p>Texto definitivo da LDO dever&aacute; ser entregue para aprecia&ccedil;&atilde;o dos vereadores at&eacute; o dia 15 de abril<\/p>\n","protected":false},"author":4,"featured_media":0,"comment_status":"closed","ping_status":"closed","sticky":false,"template":"","format":"standard","meta":{"footnotes":""},"categories":[24],"tags":[],"class_list":["post-2728","post","type-post","status-publish","format-standard","hentry","category-noticias"],"acf":[],"_links":{"self":[{"href":"http:\/\/www.apucarana.pr.gov.br\/site\/wp-json\/wp\/v2\/posts\/2728","targetHints":{"allow":["GET"]}}],"collection":[{"href":"http:\/\/www.apucarana.pr.gov.br\/site\/wp-json\/wp\/v2\/posts"}],"about":[{"href":"http:\/\/www.apucarana.pr.gov.br\/site\/wp-json\/wp\/v2\/types\/post"}],"author":[{"embeddable":true,"href":"http:\/\/www.apucarana.pr.gov.br\/site\/wp-json\/wp\/v2\/users\/4"}],"replies":[{"embeddable":true,"href":"http:\/\/www.apucarana.pr.gov.br\/site\/wp-json\/wp\/v2\/comments?post=2728"}],"version-history":[{"count":1,"href":"http:\/\/www.apucarana.pr.gov.br\/site\/wp-json\/wp\/v2\/posts\/2728\/revisions"}],"predecessor-version":[{"id":104151,"href":"http:\/\/www.apucarana.pr.gov.br\/site\/wp-json\/wp\/v2\/posts\/2728\/revisions\/104151"}],"wp:attachment":[{"href":"http:\/\/www.apucarana.pr.gov.br\/site\/wp-json\/wp\/v2\/media?parent=2728"}],"wp:term":[{"taxonomy":"category","embeddable":true,"href":"http:\/\/www.apucarana.pr.gov.br\/site\/wp-json\/wp\/v2\/categories?post=2728"},{"taxonomy":"post_tag","embeddable":true,"href":"http:\/\/www.apucarana.pr.gov.br\/site\/wp-json\/wp\/v2\/tags?post=2728"}],"curies":[{"name":"wp","href":"https:\/\/api.w.org\/{rel}","templated":true}]}}