{"id":2727,"date":"2015-04-08T14:14:00","date_gmt":"2015-04-08T14:14:00","guid":{"rendered":"http:\/\/172.16.0.7\/site-antigo\/?p=2727"},"modified":"2024-10-08T09:10:13","modified_gmt":"2024-10-08T12:10:13","slug":"passeio-ciclistico-e-opcao-de-lazer-para-este-final-de-semana","status":"publish","type":"post","link":"http:\/\/www.apucarana.pr.gov.br\/site\/passeio-ciclistico-e-opcao-de-lazer-para-este-final-de-semana\/","title":{"rendered":"Passeio cicl\u00edstico \u00e9 op\u00e7\u00e3o de lazer para este final de semana"},"content":{"rendered":"<p><p><span style=\"letter-spacing: -0.02em; line-height: 1.45em; background-color: initial;\"><\/p>\n<div class=\"left\">\n<figure><img decoding=\"async\" src=\"http:\/\/cdn.apucarana.pr.gov.br\/320x215\/original\/2015\/04\/08\/pedalada-profeta-1.JPG\" width=\"320\"><figcaption class=\"caption\"><\/figcaption><\/figure>\n<\/div>\n<p>Uma promo\u00e7\u00e3o da Secretaria Municipal de Esportes e Lazer e Centro da Juventude, o passeio cicl\u00edstico Pedala Apucarana deve atrair grupos de amigos e fam\u00edlias inteiras neste domingo (12\/04). Com sa\u00edda prevista para as 9 horas da Pra\u00e7a Rui Barbosa (pr\u00f3ximo ao &ldquo;Pr\u00e9dio da On\u00e7a), as inscri\u00e7\u00f5es para a atividade s\u00e3o gratuitas e podem ser feitas na Ana Bike, Bicicletaria Avenida, Atacad\u00e3o 2 Rodas, Dias Couro, Atacad\u00e3o do Suplemento, Sport Center e Atletic Sport.<br \/><\/span><span style=\"letter-spacing: -0.02em; line-height: 1.45em; background-color: initial;\"><br \/>O trajeto ser\u00e1 de cerca de seis quil&ocirc;metros e o uso de capacete \u00e9 obrigat\u00f3rio. &ldquo;&Eacute; um passeio que vai reunir um p\u00fablico de v\u00e1rias idades, por isto privilegiamos um circuito curto e de baixa dificuldade para que todos possam curtir a pedalada&rdquo;, pontua Paulo Aparecido Kisner (Paul\u00e3o), secret\u00e1rio municipal. Por serem v\u00e1rios locais de inscri\u00e7\u00e3o, a organiza\u00e7\u00e3o ainda n\u00e3o apurou uma pr\u00e9via de participantes confirmados. &ldquo;Mas tenho a certeza de que teremos a presen\u00e7a de um grande n\u00famero de ciclistas&rdquo;, diz. Al\u00e9m das empresas parceiras, as inscri\u00e7\u00f5es tamb\u00e9m poder\u00e3o ser feitas no dia do passeio, at\u00e9 as 9 horas.<br \/><\/span><span style=\"letter-spacing: -0.02em; line-height: 1.45em; background-color: initial;\"><br \/>Segundo cronograma divulgado pela Secretaria de Esportes e Lazer, ap\u00f3s a sa\u00edda os participantes seguem para a Rua Munhoz da Rocha at\u00e9 a Rua Osvaldo Cruz, onde pedalam at\u00e9 as imedia\u00e7\u00f5es do Col\u00e9gio Mater Dei. A partir da Rua Talita Bresolin, o grupo segue at\u00e9 a Rua Professor Jo\u00e3o C&acirc;ndido Ferreira, at\u00e9 retornarem \u00e0 pra\u00e7a central, de onde partem sentido Avenida Minas Gerais, at\u00e9 o pr\u00e9dio da antiga Paranamotor. Ao regrassarem para o ponto de onde o passeio iniciou, os ciclistas participam de um sorteio onde v\u00e3o concorrer a bicicletas e capacetes.<br \/><\/span><span style=\"letter-spacing: -0.02em; line-height: 1.45em; background-color: initial;\"><br \/>O passeio cicl\u00edstico &ldquo;Pedala Apucarana&rdquo; tem apoio da Associa\u00e7\u00e3o Comercial, Industrial e de Servi\u00e7os de Apucarana (Acia), Rede de R\u00e1dios (RDR), e empresas que sediaram pontos de inscri\u00e7\u00e3o. Mais informa\u00e7\u00f5es podem ser obtidas pelo telefone 3422-5184.<\/span><\/p><\/p>\n","protected":false},"excerpt":{"rendered":"<p>O trajeto ser&aacute; de cerca de seis quil&ocirc;metros e o uso de capacete &eacute; obrigat&oacute;rio<\/p>\n","protected":false},"author":4,"featured_media":0,"comment_status":"closed","ping_status":"closed","sticky":false,"template":"","format":"standard","meta":{"footnotes":""},"categories":[24],"tags":[],"class_list":["post-2727","post","type-post","status-publish","format-standard","hentry","category-noticias"],"acf":[],"_links":{"self":[{"href":"http:\/\/www.apucarana.pr.gov.br\/site\/wp-json\/wp\/v2\/posts\/2727","targetHints":{"allow":["GET"]}}],"collection":[{"href":"http:\/\/www.apucarana.pr.gov.br\/site\/wp-json\/wp\/v2\/posts"}],"about":[{"href":"http:\/\/www.apucarana.pr.gov.br\/site\/wp-json\/wp\/v2\/types\/post"}],"author":[{"embeddable":true,"href":"http:\/\/www.apucarana.pr.gov.br\/site\/wp-json\/wp\/v2\/users\/4"}],"replies":[{"embeddable":true,"href":"http:\/\/www.apucarana.pr.gov.br\/site\/wp-json\/wp\/v2\/comments?post=2727"}],"version-history":[{"count":1,"href":"http:\/\/www.apucarana.pr.gov.br\/site\/wp-json\/wp\/v2\/posts\/2727\/revisions"}],"predecessor-version":[{"id":104152,"href":"http:\/\/www.apucarana.pr.gov.br\/site\/wp-json\/wp\/v2\/posts\/2727\/revisions\/104152"}],"wp:attachment":[{"href":"http:\/\/www.apucarana.pr.gov.br\/site\/wp-json\/wp\/v2\/media?parent=2727"}],"wp:term":[{"taxonomy":"category","embeddable":true,"href":"http:\/\/www.apucarana.pr.gov.br\/site\/wp-json\/wp\/v2\/categories?post=2727"},{"taxonomy":"post_tag","embeddable":true,"href":"http:\/\/www.apucarana.pr.gov.br\/site\/wp-json\/wp\/v2\/tags?post=2727"}],"curies":[{"name":"wp","href":"https:\/\/api.w.org\/{rel}","templated":true}]}}