{"id":2726,"date":"2015-04-08T12:15:00","date_gmt":"2015-04-08T12:15:00","guid":{"rendered":"http:\/\/172.16.0.7\/site-antigo\/?p=2726"},"modified":"2024-10-08T09:10:14","modified_gmt":"2024-10-08T12:10:14","slug":"linha-baby-ganha-feira-mensal-na-casa-da-gestante","status":"publish","type":"post","link":"http:\/\/www.apucarana.pr.gov.br\/site\/linha-baby-ganha-feira-mensal-na-casa-da-gestante\/","title":{"rendered":"Linha baby ganha feira mensal na Casa da Gestante"},"content":{"rendered":"<p><p><span style=\"letter-spacing: -0.02em; line-height: 1.45em; background-color: initial;\">As mulheres que integram o Programa de Economia Solid\u00e1ria e Protagonismo Feminino ganharam mais uma op\u00e7\u00e3o de comercializa\u00e7\u00e3o dos produtos. Agora, os empreendimentos da linha baby participar\u00e3o mensalmente de uma feira na Casa da Gestante. O espa\u00e7o de comercializa\u00e7\u00e3o, que ser\u00e1 ofertado sempre na segunda semana de cada m\u00eas, come\u00e7ou as atividades nesta quarta-feira (08\/04) e ter\u00e1 sequ\u00eancia na quinta-feira.<br \/><\/span><span style=\"letter-spacing: -0.02em; line-height: 1.45em; background-color: initial;\"><br \/>De acordo com a secret\u00e1ria municipal da Mulher e Assuntos da Fam\u00edlia, Denise Canesin Machado, os empreendimentos j\u00e1 contam com o Espa\u00e7o da Mulher e com a Feira Solid\u00e1ria realizada periodicamente na Pra\u00e7a Valmor Santos Giavarina (Pra\u00e7a da On\u00e7a). &ldquo;Devido ao sucesso da primeira experi\u00eancia que ocorreu durante a programa\u00e7\u00e3o do M\u00eas da Mulher, quando a Feira Baby teve boa aceita\u00e7\u00e3o, o evento ser\u00e1 promovido mensalmente a partir de agora&rdquo;, afirma Denise, citando ainda que em breve ser\u00e1 implantado o circuito de feiras itinerantes, abrindo novas oportunidades de comercializa\u00e7\u00e3o dentro da Rede de Mulheres Solid\u00e1rias.<br \/><\/span><span style=\"letter-spacing: -0.02em; line-height: 1.45em; background-color: initial;\"><br \/>Conforme Terezinha Elizabete Berton Pereira (Bete Berton), supervisora do Programa de Economia Solid\u00e1ria e Protagonismo Feminino, a Feira Baby oferece produtos como sapatinhos, mantas, lembrancinhas, decora\u00e7\u00e3o para quartos, protetores de ber\u00e7o, mosqueteiros, almofadas para amamenta\u00e7\u00e3o, cestos para acomoda\u00e7\u00e3o de rec\u00e9m nascidos, bolsas, tiaras, conjuntos de body e porta-fraldas, entre outros.<br \/><\/span><span style=\"letter-spacing: -0.02em; line-height: 1.45em; background-color: initial;\"><br \/>&ldquo;&Eacute; uma oportunidade para os empreendimentos que atuam na linha baby comercializarem seus produtos e tamb\u00e9m para as gestantes que poder\u00e3o adquirir o que necessitam a um pre\u00e7o justo&rdquo;, avalia Bete Beton, lembrando que as mulheres se organizam em rede e montam os empreendimentos. &ldquo;Tudo ocorre dentro do processo coletivo de trabalho, tanto no momento da produ\u00e7\u00e3o quanto da comercializa\u00e7\u00e3o&rdquo;, frisa.<br \/><\/span><span style=\"letter-spacing: -0.02em; line-height: 1.45em; background-color: initial;\"><br \/>Bete Berton afirma que a Feira Baby envolve oito empreendimentos econ&ocirc;micos solid\u00e1rios: Coisas de Mam\u00e3e, Arte e Decora\u00e7\u00f5es, RR Artesanato e Marcenaria, Renascer, Artes em Biscuit, Benjivan, Patch Art e Mam\u00e3es Bertasso. &ldquo;Cada um deles recebe um nome, sendo um embri\u00e3o de um futuro empreendimento e que, inclusive, pode ser formalizado. Para isso, existe uma parceria com o Sebrae que oferece toda a orienta\u00e7\u00e3o necess\u00e1ria&rdquo;, explica Bete Berton.<\/span><\/p><\/p>\n","protected":false},"excerpt":{"rendered":"<p>O espa&ccedil;o de comercializa&ccedil;&atilde;o, que ser&aacute; ofertado sempre na segunda semana de cada m&ecirc;s, come&ccedil;ou as atividades nesta quarta-feira<\/p>\n","protected":false},"author":4,"featured_media":0,"comment_status":"closed","ping_status":"closed","sticky":false,"template":"","format":"standard","meta":{"footnotes":""},"categories":[24],"tags":[],"class_list":["post-2726","post","type-post","status-publish","format-standard","hentry","category-noticias"],"acf":[],"_links":{"self":[{"href":"http:\/\/www.apucarana.pr.gov.br\/site\/wp-json\/wp\/v2\/posts\/2726","targetHints":{"allow":["GET"]}}],"collection":[{"href":"http:\/\/www.apucarana.pr.gov.br\/site\/wp-json\/wp\/v2\/posts"}],"about":[{"href":"http:\/\/www.apucarana.pr.gov.br\/site\/wp-json\/wp\/v2\/types\/post"}],"author":[{"embeddable":true,"href":"http:\/\/www.apucarana.pr.gov.br\/site\/wp-json\/wp\/v2\/users\/4"}],"replies":[{"embeddable":true,"href":"http:\/\/www.apucarana.pr.gov.br\/site\/wp-json\/wp\/v2\/comments?post=2726"}],"version-history":[{"count":1,"href":"http:\/\/www.apucarana.pr.gov.br\/site\/wp-json\/wp\/v2\/posts\/2726\/revisions"}],"predecessor-version":[{"id":104155,"href":"http:\/\/www.apucarana.pr.gov.br\/site\/wp-json\/wp\/v2\/posts\/2726\/revisions\/104155"}],"wp:attachment":[{"href":"http:\/\/www.apucarana.pr.gov.br\/site\/wp-json\/wp\/v2\/media?parent=2726"}],"wp:term":[{"taxonomy":"category","embeddable":true,"href":"http:\/\/www.apucarana.pr.gov.br\/site\/wp-json\/wp\/v2\/categories?post=2726"},{"taxonomy":"post_tag","embeddable":true,"href":"http:\/\/www.apucarana.pr.gov.br\/site\/wp-json\/wp\/v2\/tags?post=2726"}],"curies":[{"name":"wp","href":"https:\/\/api.w.org\/{rel}","templated":true}]}}