{"id":2725,"date":"2015-04-08T12:45:00","date_gmt":"2015-04-08T12:45:00","guid":{"rendered":"http:\/\/172.16.0.7\/site-antigo\/?p=2725"},"modified":"2024-10-08T09:10:13","modified_gmt":"2024-10-08T12:10:13","slug":"definidas-estrategias-de-seguranca-em-eventos-previstos-para-domingo","status":"publish","type":"post","link":"http:\/\/www.apucarana.pr.gov.br\/site\/definidas-estrategias-de-seguranca-em-eventos-previstos-para-domingo\/","title":{"rendered":"Definidas estrat\u00e9gias de seguran\u00e7a em eventos previstos para domingo"},"content":{"rendered":"<p><p>A Prefeitura de Apucarana, por meio da Secretaria Municipal de Governo, atendendo solicita\u00e7\u00e3o do prefeito Beto Preto, convidou nesta quarta-feira (08\/04) os comandos da Pol\u00edtica Militar e da Guarda Municipal para definir o esquema de seguran\u00e7a na \u00e1rea central da cidade neste domingo (12). Est\u00e3o previstos dois eventos, no mesmo hor\u00e1rio, que dever\u00e3o reunir um grande n\u00famero de pessoas. &Agrave;s 15 horas, ocorre a Festa da Divina Miseric\u00f3rdia, na Catedral Nossa Senhora de Lourdes, e no per\u00edodo das 14 \u00e0s 17 horas, est\u00e1 prevista uma manifesta\u00e7\u00e3o popular, na Pra\u00e7a Rui Barbosa, em ades\u00e3o ao movimento que acontece simultaneamente neste dia 12 em v\u00e1rias partes do Pa\u00eds.<\/p>\n<p>A reuni\u00e3o sobre o tema teve a presen\u00e7a do secret\u00e1rio municipal de Governo, S\u00e9rgio Luiz Barroso; do procurador geral do munic\u00edpio, Paulo S\u00e9rgio vital; comandante do 10\u00ba Batalh\u00e3o de Pol\u00edcia Militar (BPM), tenente-coronel Aimor\u00e9 Nunes Moreira; rela\u00e7\u00f5es p\u00fablicas do 10\u00ba BPM, sargento Daniel Rodrigo de Souza; e do comandante da Guarda Municipal (GM), tenente Edinei Francisco da Silva.<\/p>\n<p>Barroso recebeu informa\u00e7\u00f5es de que a Festa da Divina Miseric\u00f3rdia foi institu\u00edda em 2001 pelo Papa Jo\u00e3o Paulo II e que, tradicionalmente, acontece no primeiro domingo ap\u00f3s a P\u00e1scoa. &ldquo;Trata-se de uma festa lit\u00fargica que re\u00fane grupos de ora\u00e7\u00e3o de todas as par\u00f3quias e que todos os anos atrai um significativo n\u00famero de fi\u00e9is&rdquo;, ressalta.<\/p>\n<p>A manifesta\u00e7\u00e3o de &acirc;mbito nacional, programada para domingo, tamb\u00e9m est\u00e1 prevista para ocorrer na \u00e1rea central de Apucarana, e deve reunir um grande n\u00famero de pessoas. &ldquo;Em virtude destes dois eventos, convidamos os comandos da Guarda Municipal e da Pol\u00edcia Militar para definir as estrat\u00e9gias, visando garantir a seguran\u00e7a dos manifestantes e o fluxo no tr&acirc;nsito&rdquo;, pontua Barroso, citando que algumas ruas ser\u00e3o interditadas no trajeto por onde seguir\u00e1 a passeata, que dever\u00e1 sair da Pra\u00e7a Rui Barbosa, retornando posteriormente para o mesmo local.<\/p>\n<p>Em rela\u00e7\u00e3o ao protesto programado, o secret\u00e1rio afirma que a presen\u00e7a da Pol\u00edcia Militar e da Guarda Municipal busca garantir o direito da livre manifesta\u00e7\u00e3o. &ldquo;A exemplo do que aconteceu recentemente em evento semelhante, esperamos que a manifesta\u00e7\u00e3o seja novamente ordeira. A atua\u00e7\u00e3o do Poder P\u00fablico, em conjunto com a Pol\u00edcia Militar, objetiva garantir o direito da livre manifesta\u00e7\u00e3o e a seguran\u00e7a dos participantes, bem como garantir a prote\u00e7\u00e3o do patrim&ocirc;nio p\u00fablico&rdquo;, assinala o secret\u00e1rio.<\/p>\n<p>De sua parte o comandante do 10\u00ba BPM, tenente-coronel Aimor\u00e9 Moreira, anunciou que ir\u00e1 refor\u00e7ar o policiamento em todo o anel central, com a presen\u00e7a de equipes da Rotam e de outros setores, com viaturas e equipamentos adequados para acompanhar a manifesta\u00e7\u00e3o. &ldquo;Esperamos que a conduta de todos seja ordeira&rdquo;, afirmou.<\/p>\n<p><\/p>\n","protected":false},"excerpt":{"rendered":"<p>Est&atilde;o previstos para o mesmo hor&aacute;rio, na &aacute;rea central, a Festa da Divina Miseric&oacute;rdia e uma manifesta&ccedil;&atilde;o popular<\/p>\n","protected":false},"author":4,"featured_media":0,"comment_status":"closed","ping_status":"closed","sticky":false,"template":"","format":"standard","meta":{"footnotes":""},"categories":[24],"tags":[],"class_list":["post-2725","post","type-post","status-publish","format-standard","hentry","category-noticias"],"acf":[],"_links":{"self":[{"href":"http:\/\/www.apucarana.pr.gov.br\/site\/wp-json\/wp\/v2\/posts\/2725","targetHints":{"allow":["GET"]}}],"collection":[{"href":"http:\/\/www.apucarana.pr.gov.br\/site\/wp-json\/wp\/v2\/posts"}],"about":[{"href":"http:\/\/www.apucarana.pr.gov.br\/site\/wp-json\/wp\/v2\/types\/post"}],"author":[{"embeddable":true,"href":"http:\/\/www.apucarana.pr.gov.br\/site\/wp-json\/wp\/v2\/users\/4"}],"replies":[{"embeddable":true,"href":"http:\/\/www.apucarana.pr.gov.br\/site\/wp-json\/wp\/v2\/comments?post=2725"}],"version-history":[{"count":1,"href":"http:\/\/www.apucarana.pr.gov.br\/site\/wp-json\/wp\/v2\/posts\/2725\/revisions"}],"predecessor-version":[{"id":104153,"href":"http:\/\/www.apucarana.pr.gov.br\/site\/wp-json\/wp\/v2\/posts\/2725\/revisions\/104153"}],"wp:attachment":[{"href":"http:\/\/www.apucarana.pr.gov.br\/site\/wp-json\/wp\/v2\/media?parent=2725"}],"wp:term":[{"taxonomy":"category","embeddable":true,"href":"http:\/\/www.apucarana.pr.gov.br\/site\/wp-json\/wp\/v2\/categories?post=2725"},{"taxonomy":"post_tag","embeddable":true,"href":"http:\/\/www.apucarana.pr.gov.br\/site\/wp-json\/wp\/v2\/tags?post=2725"}],"curies":[{"name":"wp","href":"https:\/\/api.w.org\/{rel}","templated":true}]}}