{"id":2723,"date":"2015-04-08T09:49:00","date_gmt":"2015-04-08T09:49:00","guid":{"rendered":"http:\/\/172.16.0.7\/site-antigo\/?p=2723"},"modified":"2024-10-08T09:10:14","modified_gmt":"2024-10-08T12:10:14","slug":"alunos-da-rede-municipal-visitam-o-museu-do-cafe","status":"publish","type":"post","link":"http:\/\/www.apucarana.pr.gov.br\/site\/alunos-da-rede-municipal-visitam-o-museu-do-cafe\/","title":{"rendered":"Alunos da rede municipal visitam o Museu do Caf\u00e9"},"content":{"rendered":"<\/p>\n<p>Os alunos do 4\u00ba ano da Escola Municipal Albino Biacchi visitaram, nesta ter\u00e7a-feira (07\/04), o Museu do Caf\u00e9, localizado no Distrito de Pirap\u00f3, e tiveram a oportunidade de conhecer um pouco mais sobre a hist\u00f3ria de Apucarana.<\/p>\n<p>A atividade faz parte de um projeto desenvolvido pela Secretaria Municipal de Promo\u00e7\u00e3o Cultural e Art\u00edstica e pela Autarquia Municipal de Educa\u00e7\u00e3o com o intuito de conscientizar os estudantes sobre seu papel de agentes hist\u00f3ricos e da import&acirc;ncia que os museus t\u00eam para as comunidades.<\/p>\n<p>O cronograma de visitas deve seguir at\u00e9 meados de julho e contemplar\u00e1 cerca de 1.300 alunos do 4\u00ba ano de todas as escolas municipais, que ainda ser\u00e3o convidados a escrever uma reda\u00e7\u00e3o sobre o que aprenderam. Posteriormente, os melhores textos ser\u00e3o selecionados por uma comiss\u00e3o julgadora e premiados durante a 11\u00aa edi\u00e7\u00e3o da Festa do Caf\u00e9.<\/p>\n<p>Na tarde de ontem, a coordenadora do Museu do Caf\u00e9, Aparecida Besson Estrada, e a turism\u00f3loga Lidiane de Souza acompanharam os alunos da Escola Albino Biacchi durante o passeio, percorrendo a antiga esta\u00e7\u00e3o ferrovi\u00e1ria de Pirap\u00f3, a casa de costumes e o pr\u00f3prio museu.<span> <\/span><\/p>\n<p>&ldquo;O que eu mais gostei de ver foi a maquete que mostra como o caf\u00e9 produzido aqui era levado para outras cidades e tamb\u00e9m o antigo projetor de cinema. Eu vou escrever sobre a esta\u00e7\u00e3o ferrovi\u00e1ria e sobre o caf\u00e9&rdquo;, disse o estudante Gustavo Henrique Ribeiro de Fran\u00e7a.<\/p>\n<p> A professora regente da turma, In\u00eas Bertasso Estofolete, afirma que visitas como esta s\u00e3o importantes porque estudar a hist\u00f3ria do munic\u00edpio faz parte do curr\u00edculo da s\u00e9rie. &ldquo;As crian\u00e7as puderam conhecer um pouco mais da trajet\u00f3ria dos pioneiros e entender como o gr\u00e3o embasou o desenvolvimento da nossa cidade. Al\u00e9m disso, aprenderam tamb\u00e9m como \u00e9 feito o cafezinho que n\u00f3s tomamos diariamente, desde o plantio at\u00e9 a moagem&rdquo;, detalhou ela. <\/p>\n","protected":false},"excerpt":{"rendered":"<p>A atividade faz parte de um projeto desenvolvido com o intuito de conscientizar os estudantes sobre seu papel de agentes hist&oacute;ricos e da import&acirc;ncia que os museus t&ecirc;m para as comunidades.<\/p>\n","protected":false},"author":4,"featured_media":0,"comment_status":"closed","ping_status":"closed","sticky":false,"template":"","format":"standard","meta":{"footnotes":""},"categories":[24],"tags":[],"class_list":["post-2723","post","type-post","status-publish","format-standard","hentry","category-noticias"],"acf":[],"_links":{"self":[{"href":"http:\/\/www.apucarana.pr.gov.br\/site\/wp-json\/wp\/v2\/posts\/2723","targetHints":{"allow":["GET"]}}],"collection":[{"href":"http:\/\/www.apucarana.pr.gov.br\/site\/wp-json\/wp\/v2\/posts"}],"about":[{"href":"http:\/\/www.apucarana.pr.gov.br\/site\/wp-json\/wp\/v2\/types\/post"}],"author":[{"embeddable":true,"href":"http:\/\/www.apucarana.pr.gov.br\/site\/wp-json\/wp\/v2\/users\/4"}],"replies":[{"embeddable":true,"href":"http:\/\/www.apucarana.pr.gov.br\/site\/wp-json\/wp\/v2\/comments?post=2723"}],"version-history":[{"count":1,"href":"http:\/\/www.apucarana.pr.gov.br\/site\/wp-json\/wp\/v2\/posts\/2723\/revisions"}],"predecessor-version":[{"id":104156,"href":"http:\/\/www.apucarana.pr.gov.br\/site\/wp-json\/wp\/v2\/posts\/2723\/revisions\/104156"}],"wp:attachment":[{"href":"http:\/\/www.apucarana.pr.gov.br\/site\/wp-json\/wp\/v2\/media?parent=2723"}],"wp:term":[{"taxonomy":"category","embeddable":true,"href":"http:\/\/www.apucarana.pr.gov.br\/site\/wp-json\/wp\/v2\/categories?post=2723"},{"taxonomy":"post_tag","embeddable":true,"href":"http:\/\/www.apucarana.pr.gov.br\/site\/wp-json\/wp\/v2\/tags?post=2723"}],"curies":[{"name":"wp","href":"https:\/\/api.w.org\/{rel}","templated":true}]}}