{"id":2722,"date":"2015-04-07T22:21:00","date_gmt":"2015-04-07T22:21:00","guid":{"rendered":"http:\/\/172.16.0.7\/site-antigo\/?p=2722"},"modified":"2024-10-08T09:10:14","modified_gmt":"2024-10-08T12:10:14","slug":"refis-viabilizou-rs-3-8-milhoes-em-acordos","status":"publish","type":"post","link":"http:\/\/www.apucarana.pr.gov.br\/site\/refis-viabilizou-rs-3-8-milhoes-em-acordos\/","title":{"rendered":"Refis viabilizou R$ 3,8 milh\u00f5es em acordos"},"content":{"rendered":"<p><p><span style=\"letter-spacing: -0.02em; line-height: 1.45em; background-color: initial;\">Conforme balan\u00e7o apresentado hoje pela Secretaria Municipal da Fazenda, o Programa de Refinanciamento Fiscal (REFIS) renegociou no per\u00edodo de janeiro a mar\u00e7o deste ano, R$ 2.467.400,35 em acordos com contribuintes que estavam inadimplentes com IPTU, alvar\u00e1s e asfalto. Deste total, R$ 286.479,23 foi recebido \u00e0 vista; R$ 2.127.407,47 foram parcelados e R$ 54.356,92 \u00e9 o valor j\u00e1 vencido e ainda n\u00e3o pago.<\/span><\/p>\n<p>Do per\u00edodo referente a novembro e dezembro de 2014, o REFIS obteve um saldo de R$ 1.323.038,68 em acordos firmados, para recebimento de tributos em atraso. Deste total, R$ 383.057,41 foi recebido \u00e0 vista; R$ 821.672,76 foram parcelados por contribuintes; e R$ 121.078,87 \u00e9 o valor j\u00e1 vencido e ainda n\u00e3o pago em renegocia\u00e7\u00f5es.<\/p>\n<p>Conforme revela o Secret\u00e1rio da Fazenda, Marcello Augusto Machado, as d\u00edvidas que poderiam ser renegociadas com o Munic\u00edpio chegavam a cerca de R$ 90 milh\u00f5es. &ldquo;Estes valores compreendem o per\u00edodo de 1992 a 2013 e o que n\u00e3o foi ajuizado acabou prescrevendo&rdquo;, revela Machado.<\/p>\n<p>Ele faz quest\u00e3o de esclarecer que, a partir de 2000, em cumprimento \u00e0 Lei de Responsabilidade Fiscal (LRF), os gestores p\u00fablicos passaram a ser obrigados a mandar para a justi\u00e7a todas as d\u00edvidas vencidas a 5 anos. &ldquo;O n\u00e3o cumprimento da lei implica em crime de ren\u00fancia de receita&rdquo;, frisa ele.<\/p>\n<p>Para o secret\u00e1rio Marcello Machado o total de tributos renegociados de novembro de 2014 a mar\u00e7o de 2015 foi razo\u00e1vel. &ldquo;As condi\u00e7\u00f5es ofertadas, com 100% de isen\u00e7\u00e3o para juros e multas no pagamento \u00e0 vista; e percentuais a partir de 80% para parcelamento, v\u00e3o continuar at\u00e9 o dia 30 de abril.<\/p>\n<p>Ele explica que houve grande procura nos \u00faltimos dias, chegando a derrubar o sistema informatizado da central do Refis. &ldquo;Muitas pessoas n\u00e3o conseguiram fazer a renegocia\u00e7\u00e3o e o prefeito Beto Preto decidiu dar mais tr\u00eas semanas de prazo aos contribuintes que desejarem aproveitar as condi\u00e7\u00f5es especiais para ficar em dia com o Munic\u00edpio&rdquo;, informa Marcello Machado.<\/p>\n<p>O projeto de lei que prev\u00ea a prorroga\u00e7\u00e3o do Refis at\u00e9 o dia 30 de abril, deve ser votado em terceira e \u00faltima sess\u00e3o nesta quarta-feira (8), na C&acirc;mara Municipal.<\/p>\n<div>\n<div><img decoding=\"async\" class=\"ajT\" src=\"https:\/\/ssl.gstatic.com\/ui\/v1\/icons\/mail\/images\/cleardot.gif\"><\/div>\n<\/div>\n<p><\/p>\n","protected":false},"excerpt":{"rendered":"<p>Somente R$ 670 mil foram recebidos &agrave; vista, o restante foi parcelado<\/p>\n","protected":false},"author":4,"featured_media":0,"comment_status":"closed","ping_status":"closed","sticky":false,"template":"","format":"standard","meta":{"footnotes":""},"categories":[24],"tags":[],"class_list":["post-2722","post","type-post","status-publish","format-standard","hentry","category-noticias"],"acf":[],"_links":{"self":[{"href":"http:\/\/www.apucarana.pr.gov.br\/site\/wp-json\/wp\/v2\/posts\/2722","targetHints":{"allow":["GET"]}}],"collection":[{"href":"http:\/\/www.apucarana.pr.gov.br\/site\/wp-json\/wp\/v2\/posts"}],"about":[{"href":"http:\/\/www.apucarana.pr.gov.br\/site\/wp-json\/wp\/v2\/types\/post"}],"author":[{"embeddable":true,"href":"http:\/\/www.apucarana.pr.gov.br\/site\/wp-json\/wp\/v2\/users\/4"}],"replies":[{"embeddable":true,"href":"http:\/\/www.apucarana.pr.gov.br\/site\/wp-json\/wp\/v2\/comments?post=2722"}],"version-history":[{"count":1,"href":"http:\/\/www.apucarana.pr.gov.br\/site\/wp-json\/wp\/v2\/posts\/2722\/revisions"}],"predecessor-version":[{"id":104157,"href":"http:\/\/www.apucarana.pr.gov.br\/site\/wp-json\/wp\/v2\/posts\/2722\/revisions\/104157"}],"wp:attachment":[{"href":"http:\/\/www.apucarana.pr.gov.br\/site\/wp-json\/wp\/v2\/media?parent=2722"}],"wp:term":[{"taxonomy":"category","embeddable":true,"href":"http:\/\/www.apucarana.pr.gov.br\/site\/wp-json\/wp\/v2\/categories?post=2722"},{"taxonomy":"post_tag","embeddable":true,"href":"http:\/\/www.apucarana.pr.gov.br\/site\/wp-json\/wp\/v2\/tags?post=2722"}],"curies":[{"name":"wp","href":"https:\/\/api.w.org\/{rel}","templated":true}]}}