{"id":2721,"date":"2015-04-07T18:00:00","date_gmt":"2015-04-07T18:00:00","guid":{"rendered":"http:\/\/172.16.0.7\/site-antigo\/?p=2721"},"modified":"2024-10-08T09:10:14","modified_gmt":"2024-10-08T12:10:14","slug":"apucarana-sedia-semana-do-microempreendedor-individual","status":"publish","type":"post","link":"http:\/\/www.apucarana.pr.gov.br\/site\/apucarana-sedia-semana-do-microempreendedor-individual\/","title":{"rendered":"Apucarana sedia Semana do Microempreendedor Individual"},"content":{"rendered":"<p><p><span style=\"letter-spacing: -0.02em; line-height: 1.45em; background-color: initial;\">Um evento nacional promovido pelo SEBRAE em parceria com as salas de empreendedores dos munic\u00edpios, Apucarana vai sediar de 13 a 17 deste m\u00eas, a Semana do Microempreendedor Individual. Com o objetivo de fomentar o empreendedorismo, fornecendo orienta\u00e7\u00f5es para que prestadores de servi\u00e7os ou comerciantes saiam da informalidade, as atividades s\u00e3o voltadas para quem quer se tornar um pequeno empres\u00e1rio ou precisa em melhorar o pr\u00f3prio neg\u00f3cio.<\/span><\/p>\n<p>Totalmente gratuita, a programa\u00e7\u00e3o vai de concentrar em dois pontos da cidade. As palestras e oficinas ser\u00e3o realizadas no polo da UAB, na Pra\u00e7a Rui Barbosa. A primeira delas, sobre o tema &ldquo;Sei controlar meu dinheiro&rdquo; est\u00e1 agendada para 13 de abril. Nos dias 15 e 16 os assuntos abordados ser\u00e3o &ldquo;Sei comprar&rdquo; e &ldquo;Sei vender&rdquo;, respectivamente. Os tr\u00eas eventos est\u00e3o previstos para come\u00e7ar \u00e0s 19horas. <\/p>\n<p>As consultorias especializadas v\u00e3o acontecer durante toda semana, entre as 8 horas e 18 horas, na sala de reuni\u00f5es da Secretaria da Ind\u00fastria e Com\u00e9rcio. As orienta\u00e7\u00f5es e informa\u00e7\u00f5es em geral, por sua vez, ser\u00e3o prestadas na Sala do Empreendedor, localizada na Rua Lapa, 145, ao lado da prefeitura. Os agendados para estes servi\u00e7os e maiores informa\u00e7\u00f5es j\u00e1 est\u00e3o dispon\u00edveis na Sala do Empreendedor, ou pelo telefone 3422-3000. <\/p>\n<p>A Semana do Microempreendedor Individual ser\u00e1 realizada em cerca de 60 cidades do Paran\u00e1. Em Apucarana, o evento \u00e9 realizado com o apoio da Prefeitura, atrav\u00e9s da Secretaria da Ind\u00fastria e Com\u00e9rcio, e do Comit\u00ea Gestor Municipal das Micro e Pequenas Empresas.<\/p>\n<p>&ldquo;Voc\u00ea que tem interesse em orienta\u00e7\u00f5es sobre como iniciar um neg\u00f3cio, formalizar sua empresa ou melhorar a gest\u00e3o, e mesmo regularizar sua declara\u00e7\u00e3o anual n\u00e3o deve perder essa oportunidade e procurar a Sala do Empreendedor, em especial na semana de 13 a 17 de abril. Neste per\u00edodo vamos intensificar o atendimento que \u00e9 totalmente gratuito&rdquo;, informa a consultora do escrit\u00f3rio do SEBRAE em Apucarana, Beatriz Poletto.<\/p>\n<p><\/p>\n","protected":false},"excerpt":{"rendered":"<p>Evento vai acontecer de 13 a 17 deste m&ecirc;s com o objetivo de fomentar o empreendedorismo<\/p>\n","protected":false},"author":4,"featured_media":0,"comment_status":"closed","ping_status":"closed","sticky":false,"template":"","format":"standard","meta":{"footnotes":""},"categories":[24],"tags":[],"class_list":["post-2721","post","type-post","status-publish","format-standard","hentry","category-noticias"],"acf":[],"_links":{"self":[{"href":"http:\/\/www.apucarana.pr.gov.br\/site\/wp-json\/wp\/v2\/posts\/2721","targetHints":{"allow":["GET"]}}],"collection":[{"href":"http:\/\/www.apucarana.pr.gov.br\/site\/wp-json\/wp\/v2\/posts"}],"about":[{"href":"http:\/\/www.apucarana.pr.gov.br\/site\/wp-json\/wp\/v2\/types\/post"}],"author":[{"embeddable":true,"href":"http:\/\/www.apucarana.pr.gov.br\/site\/wp-json\/wp\/v2\/users\/4"}],"replies":[{"embeddable":true,"href":"http:\/\/www.apucarana.pr.gov.br\/site\/wp-json\/wp\/v2\/comments?post=2721"}],"version-history":[{"count":1,"href":"http:\/\/www.apucarana.pr.gov.br\/site\/wp-json\/wp\/v2\/posts\/2721\/revisions"}],"predecessor-version":[{"id":104158,"href":"http:\/\/www.apucarana.pr.gov.br\/site\/wp-json\/wp\/v2\/posts\/2721\/revisions\/104158"}],"wp:attachment":[{"href":"http:\/\/www.apucarana.pr.gov.br\/site\/wp-json\/wp\/v2\/media?parent=2721"}],"wp:term":[{"taxonomy":"category","embeddable":true,"href":"http:\/\/www.apucarana.pr.gov.br\/site\/wp-json\/wp\/v2\/categories?post=2721"},{"taxonomy":"post_tag","embeddable":true,"href":"http:\/\/www.apucarana.pr.gov.br\/site\/wp-json\/wp\/v2\/tags?post=2721"}],"curies":[{"name":"wp","href":"https:\/\/api.w.org\/{rel}","templated":true}]}}