{"id":2720,"date":"2015-04-07T15:53:00","date_gmt":"2015-04-07T15:53:00","guid":{"rendered":"http:\/\/172.16.0.7\/site-antigo\/?p=2720"},"modified":"2024-10-08T09:10:14","modified_gmt":"2024-10-08T12:10:14","slug":"apucarana-ja-discute-orcamento-publico-de-2016","status":"publish","type":"post","link":"http:\/\/www.apucarana.pr.gov.br\/site\/apucarana-ja-discute-orcamento-publico-de-2016\/","title":{"rendered":"Apucarana j\u00e1 discute or\u00e7amento p\u00fablico de 2016"},"content":{"rendered":"<p><p><span style=\"letter-spacing: -0.02em; line-height: 1.45em; background-color: initial;\">A Prefeitura de Apucarana realiza nesta quarta-feira (08\/04), \u00e0s 17h30, no plen\u00e1rio da C&acirc;mara de Vereadores, audi\u00eancia p\u00fablica de explana\u00e7\u00e3o das <\/span><span style=\"letter-spacing: -0.02em; line-height: 1.45em; background-color: initial;\">regras gerais que v\u00e3o compor a Lei de Diretrizes Or\u00e7ament\u00e1rias (LDO) para o exerc\u00edcio de 2016. &ldquo;A apresenta\u00e7\u00e3o pr\u00e9via, aberta \u00e0 sociedade, est\u00e1 dentro do prop\u00f3sito do or\u00e7amento participativo, defendido e praticado pela atual administra\u00e7\u00e3o&rdquo;, diz Marcello Augusto Machado, secret\u00e1rio Municipal da Fazenda.<br \/><\/span><span style=\"letter-spacing: -0.02em; line-height: 1.45em; background-color: initial;\"><br \/>Assessorado pelo superintendente de Gest\u00e3o e Controle da Controladoria Interna Municipal, Caio Salinet, o secret\u00e1rio vai expor aos presentes os pontos que integram o texto legal do documento que, entre outros, fixa as metas e riscos fiscais da municipalidade para o pr\u00f3ximo exerc\u00edcio. &ldquo;A LDO \u00e9 uma lei anual, em que os governos federal, estadual e municipal estabelecem as prioridades e metas da administra\u00e7\u00e3o p\u00fablica para o ano seguinte, a serem atingidas por meio da execu\u00e7\u00e3o dos programas e a\u00e7\u00f5es previstos no PPA&rdquo;, explica Salinet.<br \/><\/span><span style=\"letter-spacing: -0.02em; line-height: 1.45em; background-color: initial;\"><br \/>O texto definitivo da LDO 2016 dever\u00e1 ser entregue para aprecia\u00e7\u00e3o dos vereadores at\u00e9 o dia 15 de abril. A partir da\u00ed, o Legislativo poder\u00e1 tamb\u00e9m convocar audi\u00eancia p\u00fablica para discuss\u00e3o, sendo que a avalia\u00e7\u00e3o da mat\u00e9ria, com poss\u00edveis proposi\u00e7\u00f5es de emendas, dever\u00e1 ser conclu\u00edda at\u00e9 o recesso legislativo de julho. As altera\u00e7\u00f5es ao projeto de lei n\u00e3o poder\u00e3o ser incompat\u00edveis com o Plano Plurianual (PPA) &ndash; 2014\/2017, aprovado no final de 2013.<br \/><\/span><span style=\"letter-spacing: -0.02em; line-height: 1.45em; background-color: initial;\"><br \/>Entre os principais objetivos, a LDO existe para eliminar a improvisa\u00e7\u00e3o na execu\u00e7\u00e3o do or\u00e7amento p\u00fablico, definir prioridades de programas e servi\u00e7os a serem prestados \u00e0 popula\u00e7\u00e3o e integrar planejamento, or\u00e7amento e gest\u00e3o, orientando a administra\u00e7\u00e3o p\u00fablica local para o cumprimento de metas e resultados.<\/span><\/p><\/p>\n","protected":false},"excerpt":{"rendered":"<p>A LDO &eacute; uma lei anual, em que os governos federal, estadual e municipal estabelecem as prioridades e metas da administra&ccedil;&atilde;o p&uacute;blica para o ano seguinte<\/p>\n","protected":false},"author":4,"featured_media":0,"comment_status":"closed","ping_status":"closed","sticky":false,"template":"","format":"standard","meta":{"footnotes":""},"categories":[24],"tags":[],"class_list":["post-2720","post","type-post","status-publish","format-standard","hentry","category-noticias"],"acf":[],"_links":{"self":[{"href":"http:\/\/www.apucarana.pr.gov.br\/site\/wp-json\/wp\/v2\/posts\/2720","targetHints":{"allow":["GET"]}}],"collection":[{"href":"http:\/\/www.apucarana.pr.gov.br\/site\/wp-json\/wp\/v2\/posts"}],"about":[{"href":"http:\/\/www.apucarana.pr.gov.br\/site\/wp-json\/wp\/v2\/types\/post"}],"author":[{"embeddable":true,"href":"http:\/\/www.apucarana.pr.gov.br\/site\/wp-json\/wp\/v2\/users\/4"}],"replies":[{"embeddable":true,"href":"http:\/\/www.apucarana.pr.gov.br\/site\/wp-json\/wp\/v2\/comments?post=2720"}],"version-history":[{"count":1,"href":"http:\/\/www.apucarana.pr.gov.br\/site\/wp-json\/wp\/v2\/posts\/2720\/revisions"}],"predecessor-version":[{"id":104159,"href":"http:\/\/www.apucarana.pr.gov.br\/site\/wp-json\/wp\/v2\/posts\/2720\/revisions\/104159"}],"wp:attachment":[{"href":"http:\/\/www.apucarana.pr.gov.br\/site\/wp-json\/wp\/v2\/media?parent=2720"}],"wp:term":[{"taxonomy":"category","embeddable":true,"href":"http:\/\/www.apucarana.pr.gov.br\/site\/wp-json\/wp\/v2\/categories?post=2720"},{"taxonomy":"post_tag","embeddable":true,"href":"http:\/\/www.apucarana.pr.gov.br\/site\/wp-json\/wp\/v2\/tags?post=2720"}],"curies":[{"name":"wp","href":"https:\/\/api.w.org\/{rel}","templated":true}]}}