{"id":2719,"date":"2015-04-07T09:58:00","date_gmt":"2015-04-07T09:58:00","guid":{"rendered":"http:\/\/172.16.0.7\/site-antigo\/?p=2719"},"modified":"2024-10-08T09:10:14","modified_gmt":"2024-10-08T12:10:14","slug":"municipio-convoca-mais-aprovados-para-os-cargos-de-servicos-gerais-e-motorista","status":"publish","type":"post","link":"http:\/\/www.apucarana.pr.gov.br\/site\/municipio-convoca-mais-aprovados-para-os-cargos-de-servicos-gerais-e-motorista\/","title":{"rendered":"Munic\u00edpio convoca mais aprovados para os cargos de servi\u00e7os gerais e motorista"},"content":{"rendered":"<p><span style=\"letter-spacing: -0.02em; line-height: 1.45em; background-color: initial;\">A Prefeitura de Apucarana, atrav\u00e9s da Superintend\u00eancia Municipal de Recursos Humanos, est\u00e1 convocando 45 candidatos aprovados em concurso p\u00fablico para investidura no cargo. A chamada, por meio de edital, \u00e9 para o preenchimento de cargos de auxiliar de servi\u00e7os gerais e para motorista de ve\u00edculo pesado. Os convocados devem comparecer ao sal\u00e3o nobre do pr\u00e9dio central da Prefeitura, impreterivelmente, nesta sexta-feira (10\/04), \u00e0s 8h30.<\/span><\/p>\n<p>A superintendente de Recursos Humanos da Prefeitura de Apucarana, Rosmeire Riveline, esclarece que para o cargo de auxiliar de servi\u00e7os gerais est\u00e3o sendo chamados os aprovados do 193\u00ba ao 232\u00ba lugar, enquanto para o cargo de motorista de ve\u00edculo pesado do 35\u00ba ao 39\u00ba lugar. Rosmeire esclarece ainda que o n\u00e3o comparecimento do candidato na data estabelecida implicar\u00e1 na perda da vaga e que o candidato convocado somente ser\u00e1 contratado se obedecidos os requisitos para investidura no cargo, previstos no item 6 do Edital n.\u00ba 004\/2013, de 20 de dezembro de 2013, de abertura do concurso p\u00fablico.<\/p>\n<p><b><u>RELA&Ccedil;&Atilde;O DE CONVOCADOS (Edital 010\/15)<\/u><\/b><\/p>\n<table>\n<tbody>\n<tr>\n<td>\n<p><b>   CARGO: AUXILIAR DE SERVICOS GERAIS<\/b><\/p>\n<\/td>\n<\/tr>\n<tr>\n<td>\n<p><b>CLASSIFICA&Ccedil;&Atilde;O<\/b><\/p>\n<\/td>\n<td>\n<p><b>INSCRI&Ccedil;&Atilde;O<\/b><\/p>\n<\/td>\n<td>\n<p><b>NOME<\/b><\/p>\n<\/td>\n<\/tr>\n<tr>\n<td>\n<p>193\u00ba<\/p>\n<\/td>\n<td>\n<p>1047<\/p>\n<\/td>\n<td>\n<p>MARCIA BARBOSA SILVA<\/p>\n<\/td>\n<\/tr>\n<tr>\n<td>\n<p>194\u00ba<\/p>\n<\/td>\n<td>\n<p>73<\/p>\n<\/td>\n<td>\n<p>NEUSA PEREIRA DE CARVALHO DUTRA<\/p>\n<\/td>\n<\/tr>\n<tr>\n<td>\n<p>195\u00ba<\/p>\n<\/td>\n<td>\n<p>1101<\/p>\n<\/td>\n<td>\n<p>LIGIA CRISTINA CLAUDINO<\/p>\n<\/td>\n<\/tr>\n<tr>\n<td>\n<p>196\u00ba<\/p>\n<\/td>\n<td>\n<p>306<\/p>\n<\/td>\n<td>\n<p>MARCIA DE SOUZA GONCALVES<\/p>\n<\/td>\n<\/tr>\n<tr>\n<td>\n<p>197\u00ba<\/p>\n<\/td>\n<td>\n<p>805<\/p>\n<\/td>\n<td>\n<p>JOSELI ANTONIO VILELA<\/p>\n<\/td>\n<\/tr>\n<tr>\n<td>\n<p>198\u00ba<\/p>\n<\/td>\n<td>\n<p>999<\/p>\n<\/td>\n<td>\n<p>CLAUDINEIA DE FREITAS<\/p>\n<\/td>\n<\/tr>\n<tr>\n<td>\n<p>199\u00ba<\/p>\n<\/td>\n<td>\n<p>1043<\/p>\n<\/td>\n<td>\n<p>ADRIANA ALVES DE CARVALHO<\/p>\n<\/td>\n<\/tr>\n<tr>\n<td>\n<p>200\u00ba<\/p>\n<\/td>\n<td>\n<p>1060<\/p>\n<\/td>\n<td>\n<p>SIRLEI APARECIDA DA SILVA<\/p>\n<\/td>\n<\/tr>\n<tr>\n<td>\n<p>201\u00ba<\/p>\n<\/td>\n<td>\n<p>1196<\/p>\n<\/td>\n<td>\n<p>RODOLFO BEFFA MARTINS<\/p>\n<\/td>\n<\/tr>\n<tr>\n<td>\n<p>202\u00ba<\/p>\n<\/td>\n<td>\n<p>873<\/p>\n<\/td>\n<td>\n<p>DEBORA FERNANDA PIMENTA<\/p>\n<\/td>\n<\/tr>\n<tr>\n<td>\n<p>203\u00ba<\/p>\n<\/td>\n<td>\n<p>982<\/p>\n<\/td>\n<td>\n<p>BRUNA DE BRITO PIOVEZANA<\/p>\n<\/td>\n<\/tr>\n<tr>\n<td>\n<p>204\u00ba<\/p>\n<\/td>\n<td>\n<p>284<\/p>\n<\/td>\n<td>\n<p>MARITZA MAYARA LEONEL DE BRITO<\/p>\n<\/td>\n<\/tr>\n<tr>\n<td>\n<p>205\u00ba<\/p>\n<\/td>\n<td>\n<p>255<\/p>\n<\/td>\n<td>\n<p>LARISSA ALVES FERREIRA <\/p>\n<\/td>\n<\/tr>\n<tr>\n<td>\n<p>206\u00ba<\/p>\n<\/td>\n<td>\n<p>1019<\/p>\n<\/td>\n<td>\n<p>ANGELICA GERIN DE OLIVEIRA<\/p>\n<\/td>\n<\/tr>\n<tr>\n<td>\n<p>207\u00ba<\/p>\n<\/td>\n<td>\n<p>563<\/p>\n<\/td>\n<td>\n<p>PALOMA ROZA BORGES<\/p>\n<\/td>\n<\/tr>\n<tr>\n<td>\n<p>208\u00ba<\/p>\n<\/td>\n<td>\n<p>1110<\/p>\n<\/td>\n<td>\n<p>IZILDA MARIA DE OLIVEIRA DOS SANTOS<\/p>\n<\/td>\n<\/tr>\n<tr>\n<td>\n<p>209\u00ba<\/p>\n<\/td>\n<td>\n<p>1008<\/p>\n<\/td>\n<td>\n<p>ADRIANA DUTRA DE OLIVEIRA<\/p>\n<\/td>\n<\/tr>\n<tr>\n<td>\n<p>210\u00ba<\/p>\n<\/td>\n<td>\n<p>875<\/p>\n<\/td>\n<td>\n<p>MARIA DE LOURDES DE PAULA ALVES<\/p>\n<\/td>\n<\/tr>\n<tr>\n<td>\n<p>211\u00ba<\/p>\n<\/td>\n<td>\n<p>1003<\/p>\n<\/td>\n<td>\n<p>DIRCE SANTIAGO LACERDA RIBEIRO<\/p>\n<\/td>\n<\/tr>\n<tr>\n<td>\n<p>212\u00ba<\/p>\n<\/td>\n<td>\n<p>729<\/p>\n<\/td>\n<td>\n<p>MARIA DOLORES SEVERIANO BRITTO DE   SOUZA<\/p>\n<\/td>\n<\/tr>\n<tr>\n<td>\n<p>213\u00ba<\/p>\n<\/td>\n<td>\n<p>498<\/p>\n<\/td>\n<td>\n<p>BELONI FATIMA KOEHNLEIN DE LARA<\/p>\n<\/td>\n<\/tr>\n<tr>\n<td>\n<p>214\u00ba<\/p>\n<\/td>\n<td>\n<p>772<\/p>\n<\/td>\n<td>\n<p>ROSANGELA CAMARGO RICARDO <\/p>\n<\/td>\n<\/tr>\n<tr>\n<td>\n<p>215\u00ba<\/p>\n<\/td>\n<td>\n<p>887<\/p>\n<\/td>\n<td>\n<p>ELIZIA ZANETI DE OLIVEIRA<\/p>\n<\/td>\n<\/tr>\n<tr>\n<td>\n<p>216\u00ba<\/p>\n<\/td>\n<td>\n<p>1206<\/p>\n<\/td>\n<td>\n<p>SONIA VIEIRA DE SOUZA<\/p>\n<\/td>\n<\/tr>\n<tr>\n<td>\n<p>217\u00ba<\/p>\n<\/td>\n<td>\n<p>385<\/p>\n<\/td>\n<td>\n<p>CLEONICE XAVIER DE OLIVEIRA<\/p>\n<\/td>\n<\/tr>\n<tr>\n<td>\n<p>218\u00ba<\/p>\n<\/td>\n<td>\n<p>289<\/p>\n<\/td>\n<td>\n<p>VANIA CRISTINA SILVA<\/p>\n<\/td>\n<\/tr>\n<tr>\n<td>\n<p>219\u00ba<\/p>\n<\/td>\n<td>\n<p>527<\/p>\n<\/td>\n<td>\n<p>PRISCILA DOS SANTOS CHAVES<\/p>\n<\/td>\n<\/tr>\n<tr>\n<td>\n<p>220\u00ba<\/p>\n<\/td>\n<td>\n<p>754<\/p>\n<\/td>\n<td>\n<p>ROSANGELA CELESTINO MIRANDA<\/p>\n<\/td>\n<\/tr>\n<tr>\n<td>\n<p>221\u00ba<\/p>\n<\/td>\n<td>\n<p>171<\/p>\n<\/td>\n<td>\n<p>LUCILENA APARECIDA CORREA<\/p>\n<\/td>\n<\/tr>\n<tr>\n<td>\n<p>222\u00ba<\/p>\n<\/td>\n<td>\n<p>908<\/p>\n<\/td>\n<td>\n<p>ELIZETE BATISTA LUIZ<\/p>\n<\/td>\n<\/tr>\n<tr>\n<td>\n<p>223\u00ba<\/p>\n<\/td>\n<td>\n<p>1026<\/p>\n<\/td>\n<td>\n<p>JANAHINA DA SILVA PONTES<\/p>\n<\/td>\n<\/tr>\n<tr>\n<td>\n<p>224\u00ba<\/p>\n<\/td>\n<td>\n<p>351<\/p>\n<\/td>\n<td>\n<p>MARIANA RONCHESEL RIBEIRO<\/p>\n<\/td>\n<\/tr>\n<tr>\n<td>\n<p>225\u00ba<\/p>\n<\/td>\n<td>\n<p>542<\/p>\n<\/td>\n<td>\n<p>DIONATAN DIEGO DOS SANTOS<\/p>\n<\/td>\n<\/tr>\n<tr>\n<td>\n<p>226\u00ba<\/p>\n<\/td>\n<td>\n<p>153<\/p>\n<\/td>\n<td>\n<p>EVINHA LUCIA KAIM<\/p>\n<\/td>\n<\/tr>\n<tr>\n<td>\n<p>227\u00ba<\/p>\n<\/td>\n<td>\n<p>164<\/p>\n<\/td>\n<td>\n<p>MARIA DE LOURDES &Acirc;NGELO<\/p>\n<\/td>\n<\/tr>\n<tr>\n<td>\n<p>228\u00ba<\/p>\n<\/td>\n<td>\n<p>1243<\/p>\n<\/td>\n<td>\n<p>GERONDINA ALVES DE OLIVEIRA SILVA<\/p>\n<\/td>\n<\/tr>\n<tr>\n<td>\n<p>229\u00ba<\/p>\n<\/td>\n<td>\n<p>229<\/p>\n<\/td>\n<td>\n<p>MARIA APARECIDA MARTINS<\/p>\n<\/td>\n<\/tr>\n<tr>\n<td>\n<p>230\u00ba<\/p>\n<\/td>\n<td>\n<p>949<\/p>\n<\/td>\n<td>\n<p>JUSSARA MARIA CARDOSO DE LIMA<\/p>\n<\/td>\n<\/tr>\n<tr>\n<td>\n<p>231\u00ba<\/p>\n<\/td>\n<td>\n<p>353<\/p>\n<\/td>\n<td>\n<p>VERA FERREIRA DA CRUZ MATIAS<\/p>\n<\/td>\n<\/tr>\n<tr>\n<td>\n<p>232\u00ba<\/p>\n<\/td>\n<td>\n<p>1130<\/p>\n<\/td>\n<td>\n<p>LOURDES DE FATIMA MARCOS VARGAS<\/p>\n<\/td>\n<\/tr>\n<\/tbody>\n<\/table>\n<\/p>\n<table>\n<tbody>\n<tr>\n<td>\n<p><b> CARGO: <\/b><b>MOTORISTA DE VE&Iacute;CULO   PESADO<\/b><\/p>\n<\/td>\n<\/tr>\n<tr>\n<td>\n<p><b>CLASSIFICA&Ccedil;&Atilde;O<\/b><\/p>\n<\/td>\n<td>\n<p><b>INSCRI&Ccedil;&Atilde;O<\/b><\/p>\n<\/td>\n<td>\n<p><b>NOME<\/b><\/p>\n<\/td>\n<\/tr>\n<tr>\n<td>\n<p>35\u00ba<span>   <\/span><\/p>\n<\/td>\n<td>\n<p>407<\/p>\n<\/td>\n<td>\n<p>ANDERSON OLANCSUK<\/p>\n<\/td>\n<\/tr>\n<tr>\n<td>\n<p>36\u00ba<span>   <\/span><\/p>\n<\/td>\n<td>\n<p>598<\/p>\n<\/td>\n<td>\n<p>MICHEL RODRIGO DA SILVA BLOEMER<\/p>\n<\/td>\n<\/tr>\n<tr>\n<td>\n<p>37\u00ba<span>   <\/span><\/p>\n<\/td>\n<td>\n<p>599<\/p>\n<\/td>\n<td>\n<p>MARCIO AUGUSTO ARAUJO TAQUES<\/p>\n<\/td>\n<\/tr>\n<tr>\n<td>\n<p>38\u00ba<span>   <\/span><\/p>\n<\/td>\n<td>\n<p>554<\/p>\n<\/td>\n<td>\n<p>ILDEU DE ARRUDA<\/p>\n<\/td>\n<\/tr>\n<tr>\n<td>\n<p>39\u00ba<span>   <\/span><\/p>\n<\/td>\n<td>\n<p>1014<\/p>\n<\/td>\n<td>\n<p>APARECIDO DONIZETE DE OLIVEIRA<\/p>\n<\/td>\n<\/tr>\n<\/tbody>\n<\/table>\n<p><\/p>\n","protected":false},"excerpt":{"rendered":"<p>Os convocados devem comparecer ao sal&atilde;o nobre do pr&eacute;dio central da Prefeitura, impreterivelmente, nesta sexta-feira (10\/04), &agrave;s 8h30<\/p>\n","protected":false},"author":4,"featured_media":0,"comment_status":"closed","ping_status":"closed","sticky":false,"template":"","format":"standard","meta":{"footnotes":""},"categories":[24],"tags":[],"class_list":["post-2719","post","type-post","status-publish","format-standard","hentry","category-noticias"],"acf":[],"_links":{"self":[{"href":"http:\/\/www.apucarana.pr.gov.br\/site\/wp-json\/wp\/v2\/posts\/2719","targetHints":{"allow":["GET"]}}],"collection":[{"href":"http:\/\/www.apucarana.pr.gov.br\/site\/wp-json\/wp\/v2\/posts"}],"about":[{"href":"http:\/\/www.apucarana.pr.gov.br\/site\/wp-json\/wp\/v2\/types\/post"}],"author":[{"embeddable":true,"href":"http:\/\/www.apucarana.pr.gov.br\/site\/wp-json\/wp\/v2\/users\/4"}],"replies":[{"embeddable":true,"href":"http:\/\/www.apucarana.pr.gov.br\/site\/wp-json\/wp\/v2\/comments?post=2719"}],"version-history":[{"count":1,"href":"http:\/\/www.apucarana.pr.gov.br\/site\/wp-json\/wp\/v2\/posts\/2719\/revisions"}],"predecessor-version":[{"id":104160,"href":"http:\/\/www.apucarana.pr.gov.br\/site\/wp-json\/wp\/v2\/posts\/2719\/revisions\/104160"}],"wp:attachment":[{"href":"http:\/\/www.apucarana.pr.gov.br\/site\/wp-json\/wp\/v2\/media?parent=2719"}],"wp:term":[{"taxonomy":"category","embeddable":true,"href":"http:\/\/www.apucarana.pr.gov.br\/site\/wp-json\/wp\/v2\/categories?post=2719"},{"taxonomy":"post_tag","embeddable":true,"href":"http:\/\/www.apucarana.pr.gov.br\/site\/wp-json\/wp\/v2\/tags?post=2719"}],"curies":[{"name":"wp","href":"https:\/\/api.w.org\/{rel}","templated":true}]}}