{"id":2717,"date":"2015-04-06T17:32:00","date_gmt":"2015-04-06T17:32:00","guid":{"rendered":"http:\/\/172.16.0.7\/site-antigo\/?p=2717"},"modified":"2024-10-08T09:10:14","modified_gmt":"2024-10-08T12:10:14","slug":"apucarana-investe-na-informatizacao-das-unidades-de-saude","status":"publish","type":"post","link":"http:\/\/www.apucarana.pr.gov.br\/site\/apucarana-investe-na-informatizacao-das-unidades-de-saude\/","title":{"rendered":"Apucarana investe na informatiza\u00e7\u00e3o das unidades de sa\u00fade"},"content":{"rendered":"<p><p><span style=\"letter-spacing: -0.02em; line-height: 1.45em; background-color: initial;\">A Autarquia Municipal de Sa\u00fade de Apucarana (AMS) anunciou nesta segunda-feira (06\/04) a expans\u00e3o da rede de inform\u00e1tica junto \u00e0s unidades b\u00e1sicas de sa\u00fade (UBS). O sistema de agendamento de consultas, requisi\u00e7\u00e3o de medicamentos e exames laboratoriais, que hoje est\u00e1 interligado com a central em apenas 10 unidades b\u00e1sicas, vai chegar a 100% das ubs, com investimentos na rede de computadores existente nas demais 17 unidades da rede p\u00fablica de sa\u00fade da cidade.<br \/><\/span><span style=\"letter-spacing: -0.02em; line-height: 1.45em; background-color: initial;\"><br \/>O an\u00fancio foi feito pelo prefeito Beto Preto (PT) e pelo secret\u00e1rio de Sa\u00fade, Roberto Kaneta, durante reuni\u00e3o com enfermeiros respons\u00e1veis por ubs e outros servidores da autarquia. &ldquo;Com isto teremos grandes ganhos, sobretudo com a otimiza\u00e7\u00e3o de tempo e recursos financeiros&rdquo;, disse o prefeito, elencando que &ldquo;as melhores situa\u00e7\u00f5es na sa\u00fade p\u00fablica s\u00e3o: cumprir as metas e atender aos \u00edndices m\u00ednimos preconizados pela Organiza\u00e7\u00e3o Mundial da Sa\u00fade (OMS)&rdquo;. <\/p>\n<p>&ldquo;N\u00f3s, enquanto gest\u00e3o p\u00fablica, estamos realizando importantes esfor\u00e7os para melhorar as condi\u00e7\u00f5es de trabalho dos servidores e atendimento ao cidad\u00e3o. Voc\u00eas (funcion\u00e1rios das ubs) s\u00e3o os olhos, os ouvidos, os bra\u00e7os e m\u00e3os da administra\u00e7\u00e3o junto \u00e0 popula\u00e7\u00e3o, por isto aproveito este encontro para refor\u00e7ar a orienta\u00e7\u00e3o para que ajam sempre no sentido de humanizar o atendimento e para que n\u00e3o deixem faltar material. Isto n\u00e3o pode acontecer. Coloca no sistema (de inform\u00e1tica) que n\u00e3o vamos deixar faltar&rdquo;, disse Beto.<br \/><\/span><span style=\"letter-spacing: -0.02em; line-height: 1.45em; background-color: initial;\"><br \/>O trabalho t\u00e9cnico que possibilitar\u00e1 a interliga\u00e7\u00e3o, via internet, dos computadores existentes nas 27 unidades b\u00e1sicas de sa\u00fade, \u00e0 central administrativa da AMS, teve in\u00edcio nesta semana. &ldquo;Em breve teremos um melhor controle dos atendimentos feitos aos pacientes, o que hoje n\u00e3o \u00e9 poss\u00edvel. Os dados registrados nas 17 unidades de sa\u00fade ainda n\u00e3o interligadas, atualmente s\u00e3o coletados com o uso de um &ldquo;pen-drive&rdquo;. Hoje se o paciente passa pela UPA e pela UBS, e o m\u00e9dico solicitar os exames que ele realizou em cada etapa, n\u00e3o temos condi\u00e7\u00f5es de atend\u00ea-lo. Realidade que vai mudar com o novo sistema de informatiza\u00e7\u00e3o&rdquo;, exemplificou Roberto Kaneta, secret\u00e1rio da Sa\u00fade.<br \/><\/span><span style=\"letter-spacing: -0.02em; line-height: 1.45em; background-color: initial;\"><br \/>Os investimentos anunciados pela AMS, segundo pontuou o secret\u00e1rio da Sa\u00fade, s\u00e3o mecanismos iniciais para a implanta\u00e7\u00e3o do prontu\u00e1rio eletr&ocirc;nico. &ldquo;Isto est\u00e1 no planejamento que temos para que o paciente da rede SUS, em Apucarana, tenha um atendimento cada vez melhor&rdquo;, finalizou.<\/span><\/p><\/p>\n","protected":false},"excerpt":{"rendered":"<p>O trabalho t&eacute;cnico que possibilitar&aacute; a interliga&ccedil;&atilde;o, via internet, dos computadores existentes nas 27 unidades b&aacute;sicas de sa&uacute;de, &agrave; central administrativa da AMS, teve in&iacute;cio nesta semana<\/p>\n","protected":false},"author":4,"featured_media":0,"comment_status":"closed","ping_status":"closed","sticky":false,"template":"","format":"standard","meta":{"footnotes":""},"categories":[24],"tags":[],"class_list":["post-2717","post","type-post","status-publish","format-standard","hentry","category-noticias"],"acf":[],"_links":{"self":[{"href":"http:\/\/www.apucarana.pr.gov.br\/site\/wp-json\/wp\/v2\/posts\/2717","targetHints":{"allow":["GET"]}}],"collection":[{"href":"http:\/\/www.apucarana.pr.gov.br\/site\/wp-json\/wp\/v2\/posts"}],"about":[{"href":"http:\/\/www.apucarana.pr.gov.br\/site\/wp-json\/wp\/v2\/types\/post"}],"author":[{"embeddable":true,"href":"http:\/\/www.apucarana.pr.gov.br\/site\/wp-json\/wp\/v2\/users\/4"}],"replies":[{"embeddable":true,"href":"http:\/\/www.apucarana.pr.gov.br\/site\/wp-json\/wp\/v2\/comments?post=2717"}],"version-history":[{"count":1,"href":"http:\/\/www.apucarana.pr.gov.br\/site\/wp-json\/wp\/v2\/posts\/2717\/revisions"}],"predecessor-version":[{"id":104162,"href":"http:\/\/www.apucarana.pr.gov.br\/site\/wp-json\/wp\/v2\/posts\/2717\/revisions\/104162"}],"wp:attachment":[{"href":"http:\/\/www.apucarana.pr.gov.br\/site\/wp-json\/wp\/v2\/media?parent=2717"}],"wp:term":[{"taxonomy":"category","embeddable":true,"href":"http:\/\/www.apucarana.pr.gov.br\/site\/wp-json\/wp\/v2\/categories?post=2717"},{"taxonomy":"post_tag","embeddable":true,"href":"http:\/\/www.apucarana.pr.gov.br\/site\/wp-json\/wp\/v2\/tags?post=2717"}],"curies":[{"name":"wp","href":"https:\/\/api.w.org\/{rel}","templated":true}]}}