{"id":2716,"date":"2015-04-06T13:21:00","date_gmt":"2015-04-06T13:21:00","guid":{"rendered":"http:\/\/172.16.0.7\/site-antigo\/?p=2716"},"modified":"2024-10-08T09:10:14","modified_gmt":"2024-10-08T12:10:14","slug":"cras-4-fara-atendimentos-especiais-no-museu-do-cafe","status":"publish","type":"post","link":"http:\/\/www.apucarana.pr.gov.br\/site\/cras-4-fara-atendimentos-especiais-no-museu-do-cafe\/","title":{"rendered":"&#8220;CRAS 4&#8221; far\u00e1 atendimentos especiais no Museu do Caf\u00e9"},"content":{"rendered":"<p><p><span style=\"letter-spacing: -0.02em; line-height: 1.45em; background-color: initial;\">OCentro de Refer\u00eancia de Assist\u00eancia Social 4 &ldquo;Padre Dominique&rdquo; (CRAS 4) passar\u00e1 a tamb\u00e9m realizar atendimentos na subprefeitura do Distrito de Pirap\u00f3, que funciona nas instala\u00e7\u00f5es do Museu Hist\u00f3rico do Caf\u00e9. Segundo explica a secret\u00e1ria da Assist\u00eancia Social, M\u00e1rcia Regina de Sousa, o atendimento no local ser\u00e1 realizadoa cada 15 dias, sempre nas quartas-feiras com dias pares.<\/span><b style=\"letter-spacing: -0.02em; line-height: 1.45em; background-color: initial;\"> &ldquo;<\/b><span style=\"letter-spacing: -0.02em; line-height: 1.45em; background-color: initial;\">O <\/span><span style=\"letter-spacing: -0.02em; line-height: 1.45em; background-color: initial;\">objetivo \u00e9 facilitar o acesso dos moradores do Distrito de Pirap\u00f3 aos servi\u00e7os da Secretaria Municipal prestados atrav\u00e9s do CRAS 4&rdquo;, justifica.<br \/><\/span><span style=\"letter-spacing: -0.02em; line-height: 1.45em; background-color: initial;\"><br \/>O coordenador da unidade, que tem sede na Vila Vit\u00f3ria R\u00e9gia, Paulo Augusto Fonseca, informa que nesta quarta-feira (08\/04) j\u00e1 tem atendimento, das 8h30 \u00e0s 11 horas. O pr\u00f3ximo deste m\u00eas vai acontecer dia 22. &ldquo;No local ser\u00e3o realizados atendimentos sociais, encaminhamentos \u00e0 rede de prote\u00e7\u00e3o, inser\u00e7\u00e3o nos programas sociais do Governo Federal, grupos com fam\u00edlias e orienta\u00e7\u00f5es referentes \u00e0 Pol\u00edtica de Assist\u00eancia Social&rdquo;, conta Fonseca.<br \/><\/span><span style=\"letter-spacing: -0.02em; line-height: 1.45em; background-color: initial;\"><br \/>Outras informa\u00e7\u00f5es podem ser obtidas pelo telefone 3424-1470 ou diretamente no CRAS 4 &#8211; Rua Jardin\u00f3polis, 419 &#8211; Vila Vit\u00f3ria R\u00e9gia.<\/span><\/p>\n<p><\/p>\n","protected":false},"excerpt":{"rendered":"<p>Nesta quarta-feira (08\/04) j&aacute; tem atendimento, das 8h30 &agrave;s 11 horas. O pr&oacute;ximo deste m&ecirc;s vai acontecer dia 22<\/p>\n","protected":false},"author":4,"featured_media":0,"comment_status":"closed","ping_status":"closed","sticky":false,"template":"","format":"standard","meta":{"footnotes":""},"categories":[24],"tags":[],"class_list":["post-2716","post","type-post","status-publish","format-standard","hentry","category-noticias"],"acf":[],"_links":{"self":[{"href":"http:\/\/www.apucarana.pr.gov.br\/site\/wp-json\/wp\/v2\/posts\/2716","targetHints":{"allow":["GET"]}}],"collection":[{"href":"http:\/\/www.apucarana.pr.gov.br\/site\/wp-json\/wp\/v2\/posts"}],"about":[{"href":"http:\/\/www.apucarana.pr.gov.br\/site\/wp-json\/wp\/v2\/types\/post"}],"author":[{"embeddable":true,"href":"http:\/\/www.apucarana.pr.gov.br\/site\/wp-json\/wp\/v2\/users\/4"}],"replies":[{"embeddable":true,"href":"http:\/\/www.apucarana.pr.gov.br\/site\/wp-json\/wp\/v2\/comments?post=2716"}],"version-history":[{"count":1,"href":"http:\/\/www.apucarana.pr.gov.br\/site\/wp-json\/wp\/v2\/posts\/2716\/revisions"}],"predecessor-version":[{"id":104163,"href":"http:\/\/www.apucarana.pr.gov.br\/site\/wp-json\/wp\/v2\/posts\/2716\/revisions\/104163"}],"wp:attachment":[{"href":"http:\/\/www.apucarana.pr.gov.br\/site\/wp-json\/wp\/v2\/media?parent=2716"}],"wp:term":[{"taxonomy":"category","embeddable":true,"href":"http:\/\/www.apucarana.pr.gov.br\/site\/wp-json\/wp\/v2\/categories?post=2716"},{"taxonomy":"post_tag","embeddable":true,"href":"http:\/\/www.apucarana.pr.gov.br\/site\/wp-json\/wp\/v2\/tags?post=2716"}],"curies":[{"name":"wp","href":"https:\/\/api.w.org\/{rel}","templated":true}]}}