{"id":2715,"date":"2015-04-06T12:26:00","date_gmt":"2015-04-06T12:26:00","guid":{"rendered":"http:\/\/172.16.0.7\/site-antigo\/?p=2715"},"modified":"2024-10-08T09:10:14","modified_gmt":"2024-10-08T12:10:14","slug":"projeto-leva-aulas-de-danca-popular-para-os-bairros","status":"publish","type":"post","link":"http:\/\/www.apucarana.pr.gov.br\/site\/projeto-leva-aulas-de-danca-popular-para-os-bairros\/","title":{"rendered":"Projeto leva aulas de dan\u00e7a popular para os bairros"},"content":{"rendered":"<p><p>Visando a forma\u00e7\u00e3o do cidad\u00e3o e a populariza\u00e7\u00e3o da arte, a Secretaria Municipal de Promo\u00e7\u00e3o Art\u00edstica, Cultural e Tur\u00edstica (Promatur) est\u00e1 levando aulas de dan\u00e7a para os bairros. O projeto \u00e9 uma extens\u00e3o da Escola Municipal de Dan\u00e7a e leciona gratuitamente ritmos latinos e ga\u00fachos a jovens e adultos. Atualmente, j\u00e1 existem 11 grupos formados que envolvem mais de 300 pessoas.<\/p>\n<p>De acordo com a professora Maria Agar Borba Ferreira, secret\u00e1ria da pasta, o projeto visa levar a dan\u00e7a como instrumento de forma\u00e7\u00e3o do cidad\u00e3o e de populariza\u00e7\u00e3o da arte. &ldquo;Os valores interpessoais s\u00e3o utilizados de forma l\u00fadica e de entretenimento, promovendo a confraterniza\u00e7\u00e3o entre as pessoas&rdquo;, frisa Maria Agar.<\/p>\n<p>O projeto j\u00e1 est\u00e1 presente em v\u00e1rias regi\u00f5es da cidade, como nos jardins Am\u00e9rica, Ponta Grossa, Trabalhista e Aeroporto, Vila Feliz, N\u00facleo Habitacional Parigot de Souza, Bairro da Igrejinha e Distrito de Pirap\u00f3, al\u00e9m da \u00e1rea central e de um grupo mantido no Lar S\u00e3o Vicente de Paula. &ldquo;Disponibilizamos um professor com forma\u00e7\u00e3o na \u00e1rea de dan\u00e7a, que leciona os ritmos em sal\u00f5es comunit\u00e1rios, salas de aula de escolas, resid\u00eancias e em espa\u00e7os alternativos&rdquo;, explica Maria Agar. <\/p>\n<p>A secret\u00e1ria afirma que a Promatur est\u00e1 trabalhando na expans\u00e3o do projeto, buscando atender mais regi\u00f5es da cidade. &ldquo;Estamos aguardando a confirma\u00e7\u00e3o da cria\u00e7\u00e3o de novos grupos. Os interessados em participar das aulas podem procurar o Cine Teatro F\u00eanix ou ligar no telefone 3423-2944&rdquo;, solicita. <\/p>\n<p><b style=\"letter-spacing: -0.02em; line-height: 1.45em; background-color: initial;\"><u>RELA&Ccedil;&Atilde;O DE GRUPOS E HOR&Aacute;RIOS<\/u><\/b><\/p>\n<p>SEGUNDA-FEIRA <\/p>\n<p>15h as 16h30 &ndash; Grupo do Jd Am\u00e9rica<\/p>\n<p>17h as 18h30 &ndash; Grupo do Jd Trabalhista<\/p>\n<p>19h as 20h30 &ndash; Grupo do Distrito de Pirap\u00f3<\/p>\n<p>QUARTA-FEIRA<\/p>\n<p>09h as 10h30 &ndash; Grupo da Vila Feliz<\/p>\n<p>15h &ndash; 16h30 &ndash; Grupo do Jardim Aeroporto <\/p>\n<p>17h &ndash; 18h30 &ndash; Grupo do NH Parigot de Souza<\/p>\n<p>19h as 20h30 &ndash; Grupo do Distrito de Pirap\u00f3<\/p>\n<p>QUINTA-FEIRA<\/p>\n<p>14h as 15h30 &ndash; Grupo do Lar S\u00e3o Vicente de Paula<\/p>\n<p>SEXTA-FEIRA<\/p>\n<p>16h as 17h30 &ndash; Grupo do Centro da Cidade de Apucarana<\/p>\n<p>19h as 20h30 &ndash; Grupo do Jd Ponta Grossa<\/p>\n<p>S&Aacute;BADO <\/p>\n<p>09h as 10h30 &ndash; Grupo do Bairro da Igrejinha <\/p>\n<\/p>\n<p><\/p>\n","protected":false},"excerpt":{"rendered":"<p>Ritmos ga&uacute;chos e latinos s&atilde;o lecionados gratuitamente, atendendo mais de 300 pessoas<\/p>\n","protected":false},"author":4,"featured_media":0,"comment_status":"closed","ping_status":"closed","sticky":false,"template":"","format":"standard","meta":{"footnotes":""},"categories":[24],"tags":[],"class_list":["post-2715","post","type-post","status-publish","format-standard","hentry","category-noticias"],"acf":[],"_links":{"self":[{"href":"http:\/\/www.apucarana.pr.gov.br\/site\/wp-json\/wp\/v2\/posts\/2715","targetHints":{"allow":["GET"]}}],"collection":[{"href":"http:\/\/www.apucarana.pr.gov.br\/site\/wp-json\/wp\/v2\/posts"}],"about":[{"href":"http:\/\/www.apucarana.pr.gov.br\/site\/wp-json\/wp\/v2\/types\/post"}],"author":[{"embeddable":true,"href":"http:\/\/www.apucarana.pr.gov.br\/site\/wp-json\/wp\/v2\/users\/4"}],"replies":[{"embeddable":true,"href":"http:\/\/www.apucarana.pr.gov.br\/site\/wp-json\/wp\/v2\/comments?post=2715"}],"version-history":[{"count":1,"href":"http:\/\/www.apucarana.pr.gov.br\/site\/wp-json\/wp\/v2\/posts\/2715\/revisions"}],"predecessor-version":[{"id":104164,"href":"http:\/\/www.apucarana.pr.gov.br\/site\/wp-json\/wp\/v2\/posts\/2715\/revisions\/104164"}],"wp:attachment":[{"href":"http:\/\/www.apucarana.pr.gov.br\/site\/wp-json\/wp\/v2\/media?parent=2715"}],"wp:term":[{"taxonomy":"category","embeddable":true,"href":"http:\/\/www.apucarana.pr.gov.br\/site\/wp-json\/wp\/v2\/categories?post=2715"},{"taxonomy":"post_tag","embeddable":true,"href":"http:\/\/www.apucarana.pr.gov.br\/site\/wp-json\/wp\/v2\/tags?post=2715"}],"curies":[{"name":"wp","href":"https:\/\/api.w.org\/{rel}","templated":true}]}}