{"id":2714,"date":"2015-04-02T17:57:59","date_gmt":"2015-04-02T17:57:59","guid":{"rendered":"http:\/\/172.16.0.7\/site-antigo\/?p=2714"},"modified":"2024-10-08T09:10:14","modified_gmt":"2024-10-08T12:10:14","slug":"apucarana-realiza-feira-de-produtos-organicos","status":"publish","type":"post","link":"http:\/\/www.apucarana.pr.gov.br\/site\/apucarana-realiza-feira-de-produtos-organicos\/","title":{"rendered":"Apucarana realiza Feira de Produtos Org&#226;nicos"},"content":{"rendered":"<p><p><span style=\"letter-spacing: -0.02em; line-height: 1.45em; background-color: initial;\">A Cooperativa Familiar Agroecol\u00f3gica de Apucarana (Coofrago), em parceria com a Secretaria Municipal de Agricultura, realizou hoje a I Feira dos Produtos Livres de Agrot\u00f3xicos, na Pra\u00e7a Valmor Santos Giavarina (Pra\u00e7a da On\u00e7a). No local foram comercializados hortali\u00e7as e frutas de produtores de v\u00e1rias regi\u00f5es rurais da cidade como Barreiro, Distrito do Pirap\u00f3, Pinhalzinho, &Aacute;gua do Xaxim, entre outras.<\/span><\/p>\n<p>Os membros da Coofrago que participam da feira fazem parte de um grupo produtores que passou por um curso de produ\u00e7\u00e3o org&acirc;nica promovido no ano passado pela Prefeitura, atrav\u00e9s da Secretaria Municipal de Agricultura. O prefeito de Apucarana, Beto Preto, ressalta que a feira \u00e9 uma das etapas do projeto de incentivo ao cultivo de org&acirc;nicos no Munic\u00edpio. &ldquo;Em 2014, realizamos o primeiro curso de org&acirc;nicos, que finalizou com 32 participantes. Durante o ano, os produtores rurais foram capacitados por t\u00e9cnicos da Secretaria da Agricultura e por especialistas convidados&rdquo;, lembra Beto Preto, informando ainda que uma nova turma est\u00e1 sendo qualificada em 2015.<\/p>\n<p>O secret\u00e1rio municipal de Agricultura, Jo\u00e3o Carmo Fonseca, destaca que o projeto traz benef\u00edcios ambientais, sociais e econ&ocirc;micos. &ldquo;&Eacute; um alimento produzido dentro dos crit\u00e9rios de seguran\u00e7a alimentar, significando um novo nicho de mercado para o produtor e, para o consumidor, uma oportunidade de adquirir um produto saud\u00e1vel e de \u00f3tima qualidade&rdquo;, assinala. <\/p>\n<p>A primeira edi\u00e7\u00e3o da feira foi marcada com uma not\u00edcia bastante aguardada pelos membros da cooperativa. &ldquo;A feira veio para ficar. Ser\u00e1 realizada todas as quintas-feiras, entre 15 e 22 horas aqui na Pra\u00e7a da On\u00e7a. Fazia tempo que almej\u00e1vamos um local para expor e comercializar nossa produ\u00e7\u00e3o. Com o apoio da prefeitura, finalmente isso se tornou poss\u00edvel&rdquo;, comemora o presidente da Coofrago, Jo\u00e3o Carneiro Lopes.<\/p>\n<p><\/p>\n","protected":false},"excerpt":{"rendered":"<p>Evento ser&aacute; realizado todas as quintas-feiras, na Pra&ccedil;a Valmor Giavarina<\/p>\n","protected":false},"author":4,"featured_media":0,"comment_status":"closed","ping_status":"closed","sticky":false,"template":"","format":"standard","meta":{"footnotes":""},"categories":[24],"tags":[],"class_list":["post-2714","post","type-post","status-publish","format-standard","hentry","category-noticias"],"acf":[],"_links":{"self":[{"href":"http:\/\/www.apucarana.pr.gov.br\/site\/wp-json\/wp\/v2\/posts\/2714","targetHints":{"allow":["GET"]}}],"collection":[{"href":"http:\/\/www.apucarana.pr.gov.br\/site\/wp-json\/wp\/v2\/posts"}],"about":[{"href":"http:\/\/www.apucarana.pr.gov.br\/site\/wp-json\/wp\/v2\/types\/post"}],"author":[{"embeddable":true,"href":"http:\/\/www.apucarana.pr.gov.br\/site\/wp-json\/wp\/v2\/users\/4"}],"replies":[{"embeddable":true,"href":"http:\/\/www.apucarana.pr.gov.br\/site\/wp-json\/wp\/v2\/comments?post=2714"}],"version-history":[{"count":1,"href":"http:\/\/www.apucarana.pr.gov.br\/site\/wp-json\/wp\/v2\/posts\/2714\/revisions"}],"predecessor-version":[{"id":104165,"href":"http:\/\/www.apucarana.pr.gov.br\/site\/wp-json\/wp\/v2\/posts\/2714\/revisions\/104165"}],"wp:attachment":[{"href":"http:\/\/www.apucarana.pr.gov.br\/site\/wp-json\/wp\/v2\/media?parent=2714"}],"wp:term":[{"taxonomy":"category","embeddable":true,"href":"http:\/\/www.apucarana.pr.gov.br\/site\/wp-json\/wp\/v2\/categories?post=2714"},{"taxonomy":"post_tag","embeddable":true,"href":"http:\/\/www.apucarana.pr.gov.br\/site\/wp-json\/wp\/v2\/tags?post=2714"}],"curies":[{"name":"wp","href":"https:\/\/api.w.org\/{rel}","templated":true}]}}