{"id":2712,"date":"2015-04-02T16:39:59","date_gmt":"2015-04-02T16:39:59","guid":{"rendered":"http:\/\/172.16.0.7\/site-antigo\/?p=2712"},"modified":"2024-10-08T09:10:14","modified_gmt":"2024-10-08T12:10:14","slug":"fase-municipal-dos-jeps-apucarana-contara-com-22-instituicoes","status":"publish","type":"post","link":"http:\/\/www.apucarana.pr.gov.br\/site\/fase-municipal-dos-jeps-apucarana-contara-com-22-instituicoes\/","title":{"rendered":"Fase municipal dos JEP&#8217;s\/Apucarana contar\u00e1 com 22 institui\u00e7\u00f5es"},"content":{"rendered":"<p><p><span style=\"letter-spacing: -0.02em; line-height: 1.45em; background-color: initial;\">O Centro da Juventude Alex Mazaron recebeu nesta quinta-feira (02\/04) o congresso t\u00e9cnico da fase municipal dos 62\u00ba Jogos Escolares do Paran\u00e1 (JEP&acute;s), cuja solenidade de abertura, com a presen\u00e7a do prefeito Beto Preto (PT), acontece neste pr\u00f3ximo dia 10, \u00e0s 9h30, no Centro Esportivo Madre Josafata, do Col\u00e9gio Nossa Senhora da Gl\u00f3ria (Glorinha). Os trabalhos, que definiram os confrontos iniciais da competi\u00e7\u00e3o, tiveram \u00e0 frente o secret\u00e1rio Municipal de Esportes e Lazer e coordenador-geral dos jogos, Paulo Aparecido Kisner (Paul\u00e3o), e coordena\u00e7\u00e3o t\u00e9cnica de S\u00edlvio L\u00facio Capelari e Alessandro Ferreira.<br \/><\/span><span style=\"letter-spacing: -0.02em; line-height: 1.45em; background-color: initial;\"><br \/>&ldquo;Neste ano, o JEP&rsquo;s ser\u00e1 disputado por 22 institui\u00e7\u00f5es de ensino das redes p\u00fablica e particular de Apucarana e movimentar\u00e1 cerca de 1,2 mil alunos nas modalidades de basquetebol, futsal, handebol, v&ocirc;lei e v&ocirc;lei de praia, nas categorias &ldquo;A&rdquo; (de 15 a 17 anos de idade) e &ldquo;B&rdquo; (de 12 a 14 anos), nos naipes masculino e feminino&rdquo;, relata Paul\u00e3o. Ele frisa que o congresso t\u00e9cnico definiu ainda a fase municipal do futebol &ldquo;Bom de Bola&rdquo;, que ser\u00e1 realizado a partir do dia 22 de abril com partidas nos campos Hairton Santos (Z\u00e9 Rico), Frigosanto, T\u00eaxtil e UTFPR, e contar\u00e1 com nove institui\u00e7\u00f5es de ensino na disputa, tamb\u00e9m no masculino e feminino.<br \/><\/span><span style=\"letter-spacing: -0.02em; line-height: 1.45em; background-color: initial;\"><br \/>Com rela\u00e7\u00e3o \u00e0 competi\u00e7\u00e3o geral do JEP&rsquo;s, o secret\u00e1rio Paul\u00e3o observou que os confrontos iniciam j\u00e1 no dia 11, um s\u00e1bado, com as partidas sendo realizadas nos gin\u00e1sios dos col\u00e9gios estaduais Pe. Jos\u00e9 de Anchieta, Pe. Jos\u00e9 Canale, Adildo Mecenas (Cebol\u00e3o), Ant&ocirc;nio dos Tr\u00eas Reis de Oliveira, e das escolas municipais Jos\u00e9 Id\u00e9sio Brianezi e Edson Giacomini. &ldquo;Esta fase municipal \u00e9 de inteira responsabilidade da prefeitura, e serve de classificat\u00f3ria para a fase regional, que acontecer\u00e1 a partir do dia 20 de maio, na cidade vizinha de Jandaia do Sul&rdquo;, diz o secret\u00e1rio.<br \/><\/span><span style=\"letter-spacing: -0.02em; line-height: 1.45em; background-color: initial;\"><br \/>Durante a discuss\u00e3o t\u00e9cnica desta quinta-feira, os representantes de estabelecimentos de ensino presentes definiram uma novidade que passar\u00e1 a valer a partir de 2016. &ldquo;Para o ano que vem um mesmo atleta poder\u00e1 disputar at\u00e9 duas modalidades coletivas na fase municipal, situa\u00e7\u00e3o que at\u00e9 esta edi\u00e7\u00e3o do JEP&rsquo;s n\u00e3o \u00e9 permitida pelo regulamento&rdquo;, esclarece o secret\u00e1rio.<br \/><\/span><span style=\"letter-spacing: -0.02em; line-height: 1.45em; background-color: initial;\"><br \/>Os 62\u00ba Jogos Escolares do Paran\u00e1 (62\u00ba JEPs), como parte dos Jogos Oficiais do Paran\u00e1, s\u00e3o organizados pelo Governo do Paran\u00e1, atrav\u00e9s da Secretaria de Estado da Educa\u00e7\u00e3o (SEED), Secretaria de Estado do Esporte e do Turismo (SEET), N\u00facleos Regionais de Educa\u00e7\u00e3o (NREs) e Escrit\u00f3rios Regionais de Esporte (EREs), com apoio das prefeituras e entidades de administra\u00e7\u00e3o do desporto do Estado.<br \/><\/span><span style=\"letter-spacing: -0.02em; line-height: 1.45em; background-color: initial;\"><br \/><b>Conhe\u00e7a as 22 institui\u00e7\u00f5es que v\u00e3o participar da fase municipal geral<br \/><\/b><\/span><span style=\"letter-spacing: -0.02em; line-height: 1.45em; background-color: initial;\"><b><br \/><\/b>Col\u00e9gio Estadual Padre Jos\u00e9 Canale; Col\u00e9gio Mater Dei; Col\u00e9gio Nossa Senhora da Gl\u00f3ria; Col\u00e9gio Estadual S\u00e3o Bartolomeu; Col\u00e9gio Estadual Izidoro Luiz Cer\u00e1volo; Col\u00e9gio Plat\u00e3o; Col\u00e9gio Estadual Professora Godom\u00e1 Bevil\u00e1qua de Oliveira; Col\u00e9gio Nossa Senhora da Alegria; Col\u00e9gio Estadual Carlos Massareto; Col\u00e9gio Estadual Osmar Guaracy Freire; Col\u00e9gio Sesi; Col\u00e9gio Tadashi Enomoto; Col\u00e9gio Estadual Coronel Luiz Jos\u00e9 dos Santos; Col\u00e9gio Estadual Jos\u00e9 de Anchieta; Col\u00e9gio Estadual Agr\u00edcola Manoel Ribas; Col\u00e9gio Estadual Francisco Ant&ocirc;nio de Souza; Col\u00e9gio Estadual Nilo Cairo; Col\u00e9gio Estadual Polivalente de Apucarana; Col\u00e9gio Estadual Alberto Santos Dumont; Col\u00e9gio S\u00e3o Jos\u00e9; Col\u00e9gio Estadual Ant&ocirc;nio dos Tr\u00eas Reis de Oliveira; Col\u00e9gio Estadual Vale do Saber.<br \/><\/span><span style=\"letter-spacing: -0.02em; line-height: 1.45em; background-color: initial;\"><br \/><b>Conhe\u00e7a as nove institui\u00e7\u00f5es que v\u00e3o participar do futebol Bom de Bola<br \/><\/b><\/span><span style=\"letter-spacing: -0.02em; line-height: 1.45em; background-color: initial;\"><b><br \/><\/b>Col\u00e9gio Plat\u00e3o; Col\u00e9gio Estadual Nilo Cairo; Col\u00e9gio Estadual Tadashi Enomoto; Col\u00e9gio Estadual Coronel Jos\u00e9 Luiz dos Santos; Col\u00e9gio S\u00e3o Jos\u00e9; Col\u00e9gio Estadual Padre Jos\u00e9 de Anchieta; Col\u00e9gio Estadual Osmar Guaracy Freire; Col\u00e9gio Estadual Polivalente de Apucarana e Col\u00e9gio Estadual Ant&ocirc;nio dos Tr\u00eas Reis de Oliveira.<\/span><\/p><\/p>\n","protected":false},"excerpt":{"rendered":"<p>Jogos iniciam dia 11 e servem de classificat&oacute;ria para a fase regional, que acontecer&aacute; a partir do dia 20 de maio, na cidade vizinha de Jandaia do Sul<\/p>\n","protected":false},"author":4,"featured_media":0,"comment_status":"closed","ping_status":"closed","sticky":false,"template":"","format":"standard","meta":{"footnotes":""},"categories":[24],"tags":[],"class_list":["post-2712","post","type-post","status-publish","format-standard","hentry","category-noticias"],"acf":[],"_links":{"self":[{"href":"http:\/\/www.apucarana.pr.gov.br\/site\/wp-json\/wp\/v2\/posts\/2712","targetHints":{"allow":["GET"]}}],"collection":[{"href":"http:\/\/www.apucarana.pr.gov.br\/site\/wp-json\/wp\/v2\/posts"}],"about":[{"href":"http:\/\/www.apucarana.pr.gov.br\/site\/wp-json\/wp\/v2\/types\/post"}],"author":[{"embeddable":true,"href":"http:\/\/www.apucarana.pr.gov.br\/site\/wp-json\/wp\/v2\/users\/4"}],"replies":[{"embeddable":true,"href":"http:\/\/www.apucarana.pr.gov.br\/site\/wp-json\/wp\/v2\/comments?post=2712"}],"version-history":[{"count":1,"href":"http:\/\/www.apucarana.pr.gov.br\/site\/wp-json\/wp\/v2\/posts\/2712\/revisions"}],"predecessor-version":[{"id":104167,"href":"http:\/\/www.apucarana.pr.gov.br\/site\/wp-json\/wp\/v2\/posts\/2712\/revisions\/104167"}],"wp:attachment":[{"href":"http:\/\/www.apucarana.pr.gov.br\/site\/wp-json\/wp\/v2\/media?parent=2712"}],"wp:term":[{"taxonomy":"category","embeddable":true,"href":"http:\/\/www.apucarana.pr.gov.br\/site\/wp-json\/wp\/v2\/categories?post=2712"},{"taxonomy":"post_tag","embeddable":true,"href":"http:\/\/www.apucarana.pr.gov.br\/site\/wp-json\/wp\/v2\/tags?post=2712"}],"curies":[{"name":"wp","href":"https:\/\/api.w.org\/{rel}","templated":true}]}}