{"id":27115,"date":"2019-10-07T17:06:28","date_gmt":"2019-10-07T20:06:28","guid":{"rendered":"http:\/\/172.16.0.7\/site-antigo\/?p=27115"},"modified":"2024-10-08T09:19:49","modified_gmt":"2024-10-08T12:19:49","slug":"comeca-procura-pela-vacina-contra-o-sarampo","status":"publish","type":"post","link":"http:\/\/www.apucarana.pr.gov.br\/site\/comeca-procura-pela-vacina-contra-o-sarampo\/","title":{"rendered":"Come\u00e7a procura pela vacina contra o sarampo"},"content":{"rendered":"<p>A chuva que caiu durante a maior parte desta segunda-feira n\u00e3o prejudicou o primeiro dia da vacina\u00e7\u00e3o contra o sarampo em Apucarana. A avalia\u00e7\u00e3o \u00e9 do Departamento de Vigil\u00e2ncia Epidemiologia da Autarquia Municipal de Sa\u00fade (AMS). Segundo balan\u00e7o divulgado no final da tarde, cerca de 100 crian\u00e7as, com idades entre seis meses de idade e cinco anos incompletos (4 anos, 11 meses e 29 dias), foram imunizadas nos 24 pontos de vacina\u00e7\u00e3o.<br \/>\nA regi\u00e3o que teve maior procura foi a do Jardim Ponta Grossa. Promovida pelo Minist\u00e9rio da Sa\u00fade do Governo Federal, com aux\u00edlio das secretarias de Estado da Sa\u00fade e prefeituras, a campanha nacional de vacina\u00e7\u00e3o segue at\u00e9 o dia 25 de outubro, com os pontos de imuniza\u00e7\u00e3o funcionando das 8 \u00e0s 16h30, de segunda a sexta-feira. A vacina tr\u00edplice viral, que tamb\u00e9m protege contra caxumba e rub\u00e9ola, \u00e9 disponibilizada gratuitamente \u00e0 popula\u00e7\u00e3o. \u201cCaso a crian\u00e7a j\u00e1 tenha tomado a dose da vacina em outro momento ou j\u00e1 tenha contra\u00eddo o sarampo, n\u00e3o \u00e9 preciso ser vacinada\u201d, informa Luciano Pereira da Silva, coordenador da Divis\u00e3o de Epidemiologia da Autarquia Municipal de Sa\u00fade de Apucarana (AMS).<br \/>\nO prefeito J\u00fanior da Femac chama a aten\u00e7\u00e3o para a gravidade da doen\u00e7a. \u201cO sarampo \u00e9 muito perigoso e se n\u00e3o tratado pode deixar graves sequelas e at\u00e9 levar a pessoa \u00e0 morte, por isso pedimos a todos os pais ou respons\u00e1veis por crian\u00e7as na faixa et\u00e1ria da campanha que pratiquem este ato de cuidado e amor, procurando uma unidade de vacina\u00e7\u00e3o o quanto antes\u201d, pede o prefeito.<br \/>\nO secret\u00e1rio de Estado da Sa\u00fade e ex-prefeito de Apucarana, m\u00e9dico Beto Preto, frisa que a vacina \u00e9 a \u00fanica forma de prevenir o sarampo. \u201cO Paran\u00e1 est\u00e1 em alerta contra o sarampo, que \u00e9 uma doen\u00e7a viral, de alto potencial de transmiss\u00e3o. Por isso, recomendados a todos os pais que chequem a carteira de vacina\u00e7\u00e3o dos filhos. Se a carteirinha estiver incompleta ou se os pais tiverem alguma d\u00favida, levem at\u00e9 a unidade de sa\u00fade mais pr\u00f3xima para a imuniza\u00e7\u00e3o\u201d, orienta o secret\u00e1rio da Sa\u00fade.<br \/>\nO \u201cDia D\u201d desta etapa da campanha de vacina\u00e7\u00e3o ser\u00e1 o dia 19 de outubro. \u201cO objetivo da campanha \u00e9 interromper a circula\u00e7\u00e3o do v\u00edrus do sarampo no territ\u00f3rio nacional\u201d, afirma Beto Preto.<br \/>\nBoletim epidemiol\u00f3gico divulgado pelo Minist\u00e9rio da Sa\u00fade em setembro, confirmou 5.346 casos de sarampo no Brasil. A maior parte dos diagn\u00f3sticos est\u00e1 concentrada em 153 munic\u00edpios de S\u00e3o Paulo (97,5%), principalmente na regi\u00e3o metropolitana. Apucarana ainda n\u00e3o registrou nenhum caso e, o Paran\u00e1, contabiliza 59 ocorr\u00eancias at\u00e9 o momento. \u201cO sarampo tamb\u00e9m acomete adultos, por isto o Governo Federal j\u00e1 articula, para novembro, uma campanha nacional para vacinar pessoas entre 20 e 29 anos de idade\u201d, comunica Luciano Pereira da Silva, coordenador da Divis\u00e3o de Epidemiologia da Autarquia Municipal de Sa\u00fade de Apucarana (AMS). D\u00favidas ou outras informa\u00e7\u00f5es sobre os locais de vacina\u00e7\u00e3o na cidade podem ser obtidas pelo telefone 3034-1453.<br \/>\nSINTOMAS \u2013 Os sintomas mais comuns s\u00e3o: febre alta, tosse, coriza, conjuntivite, exantema (manchas avermelhadas na pele que aparecem primeiro no rosto e atr\u00e1s da orelha e depois se espalham pelo corpo), outros sintomas como cefal\u00e9ia, indisposi\u00e7\u00e3o e diarr\u00e9ia tamb\u00e9m podem ocorrer. Como n\u00e3o existe tratamento espec\u00edfico para o sarampo, \u00e9 importante ficar atento com o aparecimento dos sintomas. Os doentes ficam em isolamento domiciliar ou hospitalar por um per\u00edodo de sete dias a partir do aparecimento das manchas vermelhas no corpo.<\/p>\n","protected":false},"excerpt":{"rendered":"<p>O \u201cDia D\u201d desta etapa da campanha, que visa interromper a circula\u00e7\u00e3o do v\u00edrus do sarampo no territ\u00f3rio nacional, ser\u00e1 no dia 19 de outubro (Foto: PMA)<\/p>\n","protected":false},"author":4,"featured_media":27117,"comment_status":"closed","ping_status":"open","sticky":false,"template":"","format":"standard","meta":{"footnotes":""},"categories":[24],"tags":[],"class_list":["post-27115","post","type-post","status-publish","format-standard","has-post-thumbnail","hentry","category-noticias"],"acf":[],"_links":{"self":[{"href":"http:\/\/www.apucarana.pr.gov.br\/site\/wp-json\/wp\/v2\/posts\/27115","targetHints":{"allow":["GET"]}}],"collection":[{"href":"http:\/\/www.apucarana.pr.gov.br\/site\/wp-json\/wp\/v2\/posts"}],"about":[{"href":"http:\/\/www.apucarana.pr.gov.br\/site\/wp-json\/wp\/v2\/types\/post"}],"author":[{"embeddable":true,"href":"http:\/\/www.apucarana.pr.gov.br\/site\/wp-json\/wp\/v2\/users\/4"}],"replies":[{"embeddable":true,"href":"http:\/\/www.apucarana.pr.gov.br\/site\/wp-json\/wp\/v2\/comments?post=27115"}],"version-history":[{"count":1,"href":"http:\/\/www.apucarana.pr.gov.br\/site\/wp-json\/wp\/v2\/posts\/27115\/revisions"}],"predecessor-version":[{"id":100085,"href":"http:\/\/www.apucarana.pr.gov.br\/site\/wp-json\/wp\/v2\/posts\/27115\/revisions\/100085"}],"wp:featuredmedia":[{"embeddable":true,"href":"http:\/\/www.apucarana.pr.gov.br\/site\/wp-json\/"}],"wp:attachment":[{"href":"http:\/\/www.apucarana.pr.gov.br\/site\/wp-json\/wp\/v2\/media?parent=27115"}],"wp:term":[{"taxonomy":"category","embeddable":true,"href":"http:\/\/www.apucarana.pr.gov.br\/site\/wp-json\/wp\/v2\/categories?post=27115"},{"taxonomy":"post_tag","embeddable":true,"href":"http:\/\/www.apucarana.pr.gov.br\/site\/wp-json\/wp\/v2\/tags?post=27115"}],"curies":[{"name":"wp","href":"https:\/\/api.w.org\/{rel}","templated":true}]}}