{"id":2711,"date":"2015-04-02T12:13:00","date_gmt":"2015-04-02T12:13:00","guid":{"rendered":"http:\/\/172.16.0.7\/site-antigo\/?p=2711"},"modified":"2024-10-08T09:10:14","modified_gmt":"2024-10-08T12:10:14","slug":"apucarana-abre-semana-de-conscientizacao-do-autismo","status":"publish","type":"post","link":"http:\/\/www.apucarana.pr.gov.br\/site\/apucarana-abre-semana-de-conscientizacao-do-autismo\/","title":{"rendered":"Apucarana abre Semana de Conscientiza\u00e7\u00e3o do Autismo"},"content":{"rendered":"<p><p>Com um evento direcionado para as fam\u00edlias de portadores do transtorno, foi aberta nesta quinta-feira (02\/04) a 1\u00aa Semana Municipal de Conscientiza\u00e7\u00e3o do Autismo. Realizado no sal\u00e3o nobre da Prefeitura de Apucarana, o evento contou com palestras de profissionais da \u00e1rea de psicologia e psiquiatria, al\u00e9m de depoimento de pais. Ainda nesta quinta-feira \u00e0 noite, a exemplo do que acontece nos monumentos mais famosos do mundo, a Catedral Nossa Senhora de Lourdes ser\u00e1 iluminada de azul (cor s\u00edmbolo do autismo). As atividades da semana prosseguem at\u00e9 8 de abril, dia em que haver\u00e1 uma nova s\u00e9rie de palestras, desta vez direcionada para profissionais da sa\u00fade, educa\u00e7\u00e3o e s\u00f3cio-assistencial que atuam junto a esse p\u00fablico espec\u00edfico.<\/p>\n<p>A semana \u00e9 uma realiza\u00e7\u00e3o da Autarquia Municipal de Sa\u00fade (AMS), atrav\u00e9s do Departamento de Sa\u00fade Mental, em parceria com a Autarquia Municipal de Educa\u00e7\u00e3o (AME). A abertura das atividades ocorreu no Dia Mundial de Conscientiza\u00e7\u00e3o do Autismo e contou com a presen\u00e7a de Roberto Kaneta, diretor-presidente da AMS, de Marli Regina Fernandes da Silva, diretora-presidente da AME, de M\u00e1rcia Regina Sousa, secret\u00e1ria municipal de Assist\u00eancia Social, e de Lilian Ferreira Domingues, coordenadora do Departamento de Sa\u00fade Mental.<\/p>\n<p>A organiza\u00e7\u00e3o Mundial da Sa\u00fade estima que existam 70 milh\u00f5es de pessoas com autismo no mundo, sendo 2 milh\u00f5es no Brasil. Em Apucarana, um levantamento feito na rede de sa\u00fade e de educa\u00e7\u00e3o, incluindo os atendidos pela APAE, apontou que existem 80 autistas. &ldquo;Mas acreditamos que h\u00e1 subnotifica\u00e7\u00e3o, pois a Organiza\u00e7\u00e3o Mundial da Sa\u00fade estima que em cada grupo de mil pessoas existe entre um e dois casos. Com base neste par&acirc;metro, Apucarana poderia ter de 130 a 260 autistas&rdquo;, estima Roberto Kaneta, diretor-presidente da Autarquia Municipal de Sa\u00fade.<\/p>\n<p>A psiquiatra Amanda Minikowski ministrou a palestra o Transtorno do Espectro Autista, levando informa\u00e7\u00f5es aos familiares sobre o grupo de desordens, consideradas complexas, que afeta os autistas. O dist\u00farbio se caracteriza pela dificuldade de comunica\u00e7\u00e3o social e comportamentos restritos e repetitivos. O autismo n\u00e3o tem cura, mas h\u00e1 tratamento que envolve uma equipe multiprofissional. Em Apucarana, a rede municipal de ensino oferece atendimento especializado e, na \u00e1rea da sa\u00fade, a principal refer\u00eancia \u00e9 o Centro de Aten\u00e7\u00e3o Psicossocial Infantil (CAPSi).<\/p>\n<p>Outra palestra que estava prevista \u00e9 com a psic\u00f3loga Dayene Gatto Alto\u00e9. De acordo com ela, o objetivo \u00e9 levar conhecimento embasado para os familiares, al\u00e9m de orientar sobre os locais que oferecem atendimento especializado. &ldquo;O encontro busca instrumentalizar os pais para que compreendam o que acontece com os filhos. &Eacute; um quadro complexo, que impacta a vida das fam\u00edlias e que, infelizmente, continua gerando preconceito&rdquo;, afirma, salientando que ainda existe pouco envolvimento das fam\u00edlias. &ldquo;Queremos resgatar o protagonismo da fam\u00edlia, dando voz e vez e fazendo com que todos os membros participem do processo de reabilita\u00e7\u00e3o e inser\u00e7\u00e3o social&rdquo;, afirma Dayene. <\/p>\n<p>Conforme Lilian Ferreira Domingues, coordenadora do Departamento de Sa\u00fade Mental, a programa\u00e7\u00e3o tamb\u00e9m busca chamar a aten\u00e7\u00e3o da popula\u00e7\u00e3o para a causa do autismo. &ldquo;Por isso, vamos fazer uma movimenta\u00e7\u00e3o na Pra\u00e7a Rui Barbosa, soltando bexigas junto com a ilumina\u00e7\u00e3o da Catedral Nossa Senhora de Lourdes. Tamb\u00e9m houve uma mobiliza\u00e7\u00e3o junto ao com\u00e9rcio e solicitamos para que os estabelecimentos fossem decorados com a cor s\u00edmbolo do autismo neste per\u00edodo&rdquo;, cita Lilian, afirmando que a popula\u00e7\u00e3o tamb\u00e9m est\u00e1 sendo incentivada a usar roupa azul na semana de 2 a 8 de abril. &ldquo;Campanhas como essa, voltada \u00e0 conscientiza\u00e7\u00e3o e sensibiliza\u00e7\u00e3o, visam ajudar no diagn\u00f3stico precoce do transtorno e consequente interven\u00e7\u00e3o com o tratamento adequado&rdquo;, acrescenta Lilian. <\/p>\n<p><b>DEPOIMENTO &ndash;<\/b> A Catedral Nossa Senhora de Lourdes vem sendo iluminada nos \u00faltimos tr\u00eas anos por iniciativa de Eduardo Henrique Felipe de Paula e Cintia Costa de Paula, que t\u00eam uma filha autista. O casal esteve na abertura da semana, junto com familiares, para relatar a iniciativa e para compartilhar a experi\u00eancia da filha que hoje est\u00e1 com 9 anos. &ldquo;O diagn\u00f3stico ocorreu quando ela tinha um ano e oito meses. Iniciamos ent\u00e3o o tratamento e o envolvimento da fam\u00edlia \u00e9 muito importante, pois \u00e9 com quem ela passa a maior parte do tempo. A fam\u00edlia d\u00e1 o suporte necess\u00e1rio e, quando ela est\u00e1 unida, tudo evolui melhor&rdquo;, avaliam os pais, que neste ano contar\u00e3o com a ajuda de mais pessoas e de patrocinadores para iluminar a catedral. <\/p>\n<p><\/p>\n","protected":false},"excerpt":{"rendered":"<p>Evento contou com palestras de profissionais da &aacute;rea de psicologia e psiquiatria, al&eacute;m de depoimento de pais <\/p>\n","protected":false},"author":4,"featured_media":0,"comment_status":"closed","ping_status":"closed","sticky":false,"template":"","format":"standard","meta":{"footnotes":""},"categories":[24],"tags":[],"class_list":["post-2711","post","type-post","status-publish","format-standard","hentry","category-noticias"],"acf":[],"_links":{"self":[{"href":"http:\/\/www.apucarana.pr.gov.br\/site\/wp-json\/wp\/v2\/posts\/2711","targetHints":{"allow":["GET"]}}],"collection":[{"href":"http:\/\/www.apucarana.pr.gov.br\/site\/wp-json\/wp\/v2\/posts"}],"about":[{"href":"http:\/\/www.apucarana.pr.gov.br\/site\/wp-json\/wp\/v2\/types\/post"}],"author":[{"embeddable":true,"href":"http:\/\/www.apucarana.pr.gov.br\/site\/wp-json\/wp\/v2\/users\/4"}],"replies":[{"embeddable":true,"href":"http:\/\/www.apucarana.pr.gov.br\/site\/wp-json\/wp\/v2\/comments?post=2711"}],"version-history":[{"count":1,"href":"http:\/\/www.apucarana.pr.gov.br\/site\/wp-json\/wp\/v2\/posts\/2711\/revisions"}],"predecessor-version":[{"id":104168,"href":"http:\/\/www.apucarana.pr.gov.br\/site\/wp-json\/wp\/v2\/posts\/2711\/revisions\/104168"}],"wp:attachment":[{"href":"http:\/\/www.apucarana.pr.gov.br\/site\/wp-json\/wp\/v2\/media?parent=2711"}],"wp:term":[{"taxonomy":"category","embeddable":true,"href":"http:\/\/www.apucarana.pr.gov.br\/site\/wp-json\/wp\/v2\/categories?post=2711"},{"taxonomy":"post_tag","embeddable":true,"href":"http:\/\/www.apucarana.pr.gov.br\/site\/wp-json\/wp\/v2\/tags?post=2711"}],"curies":[{"name":"wp","href":"https:\/\/api.w.org\/{rel}","templated":true}]}}