{"id":27100,"date":"2019-10-07T15:11:37","date_gmt":"2019-10-07T18:11:37","guid":{"rendered":"http:\/\/172.16.0.7\/site-antigo\/?p=27100"},"modified":"2024-10-08T09:19:49","modified_gmt":"2024-10-08T12:19:49","slug":"cmeis-fazem-apresentacoes-de-danca-e-levam-grande-publico-ao-cine-teatro-fenix","status":"publish","type":"post","link":"http:\/\/www.apucarana.pr.gov.br\/site\/cmeis-fazem-apresentacoes-de-danca-e-levam-grande-publico-ao-cine-teatro-fenix\/","title":{"rendered":"CMEIs fazem apresenta\u00e7\u00f5es de dan\u00e7a e levam grande p\u00fablico ao Cine Teatro F\u00eanix"},"content":{"rendered":"<p>Branca de Neve, Alice no Pa\u00eds das Maravilhas e Cinderela s\u00e3o hist\u00f3rias bem conhecidas que fazem parte do imagin\u00e1rio infantil. Na tarde de ontem (6\/10), no Cine Teatro F\u00eanix, elas foram recontadas com muita criatividade por alunos dos 24 centros infantis (CMEIs) de Apucarana. As apresenta\u00e7\u00f5es representam o \u00e1pice das aulas de Express\u00e3o Corporal, desenvolvidas dentro da proposta da Educa\u00e7\u00e3o Integral.<br \/>\nO p\u00fablico das tr\u00eas sess\u00f5es somou mais de 1.400 pessoas, entre pais, av\u00f3s, irm\u00e3os e professores das crian\u00e7as. \u201cN\u00f3s organizamos espet\u00e1culos assim, \u00e0 medida que o final do ano se aproxima, para que as fam\u00edlias possam acompanhar a evolu\u00e7\u00e3o do aprendizado dos seus filhos. Al\u00e9m das mostras de dan\u00e7a, os alunos fazem ainda apresenta\u00e7\u00f5es de m\u00fasica e de artes marciais,\u201d explica a secret\u00e1ria Marli Fernandes.<br \/>\nAs aulas de express\u00e3o corporal s\u00e3o ministradas na rede municipal de ensino atrav\u00e9s de uma parceria com a academia de dan\u00e7a Adriana Silva. Os ensaios acontecem duas vezes por semana e envolvem as turmas do maternal ao 5\u00ba ano.<br \/>\n\u201cEntre os benef\u00edcios que a pr\u00e1tica da dan\u00e7a propicia aos pequenos est\u00e3o o desenvolvimento da coordena\u00e7\u00e3o motora, da flexibilidade, da postura, da consci\u00eancia corporal, da no\u00e7\u00e3o de espa\u00e7o e da integra\u00e7\u00e3o social,\u201d destaca a secret\u00e1ria.<br \/>\nO prefeito Junior da Femac prestigiou as apresenta\u00e7\u00f5es e agradeceu \u00e0s fam\u00edlias por confiarem seus filhos \u00e0 rede municipal de ensino. \u201cTenham certeza de que a nossa administra\u00e7\u00e3o se esfor\u00e7a ao m\u00e1ximo para oferecer uma forma\u00e7\u00e3o de qualidade \u00e0s crian\u00e7as apucaranenses. Afinal, somente desse modo, quando se tornarem jovens e adultos, elas ter\u00e3o condi\u00e7\u00f5es de aproveitar as melhores oportunidades que a vida lhes apresentar,\u201d disse o gestor.<\/p>\n","protected":false},"excerpt":{"rendered":"<p>As aulas de express\u00e3o corporal fazem parte do curr\u00edculo da rede municipal de ensino e contribuem para o desenvolvimento motor das crian\u00e7as<\/p>\n","protected":false},"author":4,"featured_media":27106,"comment_status":"closed","ping_status":"open","sticky":false,"template":"","format":"standard","meta":{"footnotes":""},"categories":[24],"tags":[],"class_list":["post-27100","post","type-post","status-publish","format-standard","has-post-thumbnail","hentry","category-noticias"],"acf":[],"_links":{"self":[{"href":"http:\/\/www.apucarana.pr.gov.br\/site\/wp-json\/wp\/v2\/posts\/27100","targetHints":{"allow":["GET"]}}],"collection":[{"href":"http:\/\/www.apucarana.pr.gov.br\/site\/wp-json\/wp\/v2\/posts"}],"about":[{"href":"http:\/\/www.apucarana.pr.gov.br\/site\/wp-json\/wp\/v2\/types\/post"}],"author":[{"embeddable":true,"href":"http:\/\/www.apucarana.pr.gov.br\/site\/wp-json\/wp\/v2\/users\/4"}],"replies":[{"embeddable":true,"href":"http:\/\/www.apucarana.pr.gov.br\/site\/wp-json\/wp\/v2\/comments?post=27100"}],"version-history":[{"count":1,"href":"http:\/\/www.apucarana.pr.gov.br\/site\/wp-json\/wp\/v2\/posts\/27100\/revisions"}],"predecessor-version":[{"id":100086,"href":"http:\/\/www.apucarana.pr.gov.br\/site\/wp-json\/wp\/v2\/posts\/27100\/revisions\/100086"}],"wp:featuredmedia":[{"embeddable":true,"href":"http:\/\/www.apucarana.pr.gov.br\/site\/wp-json\/"}],"wp:attachment":[{"href":"http:\/\/www.apucarana.pr.gov.br\/site\/wp-json\/wp\/v2\/media?parent=27100"}],"wp:term":[{"taxonomy":"category","embeddable":true,"href":"http:\/\/www.apucarana.pr.gov.br\/site\/wp-json\/wp\/v2\/categories?post=27100"},{"taxonomy":"post_tag","embeddable":true,"href":"http:\/\/www.apucarana.pr.gov.br\/site\/wp-json\/wp\/v2\/tags?post=27100"}],"curies":[{"name":"wp","href":"https:\/\/api.w.org\/{rel}","templated":true}]}}