{"id":2710,"date":"2015-04-01T18:09:59","date_gmt":"2015-04-01T18:09:59","guid":{"rendered":"http:\/\/172.16.0.7\/site-antigo\/?p=2710"},"modified":"2024-10-08T09:10:14","modified_gmt":"2024-10-08T12:10:14","slug":"lei-declara-festa-da-cerejeira-patrimonio-historico-de-apucarana","status":"publish","type":"post","link":"http:\/\/www.apucarana.pr.gov.br\/site\/lei-declara-festa-da-cerejeira-patrimonio-historico-de-apucarana\/","title":{"rendered":"Lei declara Festa da Cerejeira patrim&#244;nio hist\u00f3rico de Apucarana"},"content":{"rendered":"<\/p>\n<p><span style=\"letter-spacing: -0.02em; line-height: 1.45em; background-color: initial;\">Em solenidade prestigiada por lideran\u00e7as e representantes da col&ocirc;nia japonesa, o prefeito Beto Preto sancionou hoje (1), em seu gabinete, a lei que declara a Festa da Cerejeira patrim&ocirc;nio hist\u00f3rico, art\u00edstico e cultural do munic\u00edpio. A medida, al\u00e9m do reconhecimento \u00e0 import&acirc;ncia do evento para manter viva as tradi\u00e7\u00f5es japonesa e divulga\u00e7\u00e3o do nome da cidade a n\u00edvel nacional, permite a inclus\u00e3o da festa no Programa Nacional de Apoio \u00e0 Cultura (Pronac), beneficiando-se da lei federal de incentivo \u00e0 cultura, mais conhecida como Lei Rouanet, a qual tem o objetivo de captar e canalizar recursos para os setores culturais.<\/span><\/p>\n<p><span style=\"letter-spacing: -0.02em; line-height: 1.45em; background-color: initial;\">  <\/p>\n<p><b><u>Click nos links de \u00e1udio acima<\/u><\/b><\/p>\n<p>  <\/span><\/p>\n<p>Os pronunciamentos foram marcados os agradecimentos a iniciativa do prefeito Beto Preto de criar o projeto que torna a festa patrim&ocirc;nio hist\u00f3rico do munic\u00edpio. &ldquo;O projeto foi aprovado por unanimidade pelos vereadores e nos pergunt\u00e1vamos por que n\u00e3o hav\u00edamos tido essa iniciativa antes. Beto Preto foi muito feliz nesta ideia&rdquo;, disse a vereadora Aurita Bertoli.<\/p>\n<p>O presidente da Associa\u00e7\u00e3o Cultural e Esportiva de Apucarana (ACEA), organizadora da Festa da Cerejeira, Paulo Yoshii, agradeceu a medida em nome da col&ocirc;nia japonesa na cidade. &ldquo;A Festa da Cerejeira \u00e9 uma homenagem aos japoneses que foram praticamente os primeiros pioneiros de Apucarana. Essa lei que o prefeito Beto Preto acaba de sancionar \u00e9 um presente antecipado dentro das festividades dos 80 anos da imigra\u00e7\u00e3o japonesa em Apucarana, que iremos comemorar em 2016&rdquo;, observou Paulo Yoshii.<\/p>\n<p>Membro da diretoria da ACEA, Satio Kayukawa, destacou a dimens\u00e3o que a festa se tornou ao longo dos 21 anos da sua exist\u00eancia. &ldquo;Hoje a Festa da Cerejeira n\u00e3o \u00e9 mais da ACEA, mas sim da cidade e da regi\u00e3o. &Eacute; um grande evento que \u00e9 tema de reportagem em programas de rede nacional, levando o nome de Apucarana para todo o Brasil. O prefeito Beto Preto teve uma feliz ideia ao criar essa lei&rdquo;, declarou.<\/p>\n<p>Lembrando a grande contribui\u00e7\u00e3o dos pioneiros japoneses para o desenvolvimento do munic\u00edpio, o prefeito Beto Preto considerou a lei como uma homenagem \u00e0 col&ocirc;nia nip&ocirc;nica. &ldquo;A Festa da Cerejeira permite que a tradi\u00e7\u00e3o japonesa permane\u00e7a viva. A lei mostra nosso reconhecimento a esse grandioso evento, mas na verdade \u00e9 uma forma de agradecimento \u00e0 comunidade japonesa&rdquo;, enfatizou Beto Preto.<\/p>\n<p>Participaram da solenidade o presidente da ACEA, Paulo Yoshii, o presidente do conselho deliberativo Kiniti Ishida, e os diretores do clube Jaime Miyazaki, Yuri Takeda, Coiti Fuckino, Jorge Kokubo e Satio Kayukawa. O evento foi prestigiado pelos vereadores Aurita Bertoli, Antonio Aninias, Alcides Ramos e Jos\u00e9 Eduardo Antoniassi.<\/p>\n<p>A 21\u00aa edi\u00e7\u00e3o da Festa da Cerejeira j\u00e1 tem data marcada. Vai acontecer entre os dias 18 e 21 de junho, na ACEA. Os quatro dias do evento atraem um p\u00fablico em torno de 30 mil pessoas a cada ano.<\/p>\n<p><\/p>\n","protected":false},"excerpt":{"rendered":"<p>Reconhecimento &agrave; import&acirc;ncia do evento que mant&eacute;m viva as tradi&ccedil;&otilde;es japonesa e divulga o nome da cidade <\/p>\n","protected":false},"author":4,"featured_media":0,"comment_status":"closed","ping_status":"closed","sticky":false,"template":"","format":"standard","meta":{"footnotes":""},"categories":[24],"tags":[],"class_list":["post-2710","post","type-post","status-publish","format-standard","hentry","category-noticias"],"acf":[],"_links":{"self":[{"href":"http:\/\/www.apucarana.pr.gov.br\/site\/wp-json\/wp\/v2\/posts\/2710","targetHints":{"allow":["GET"]}}],"collection":[{"href":"http:\/\/www.apucarana.pr.gov.br\/site\/wp-json\/wp\/v2\/posts"}],"about":[{"href":"http:\/\/www.apucarana.pr.gov.br\/site\/wp-json\/wp\/v2\/types\/post"}],"author":[{"embeddable":true,"href":"http:\/\/www.apucarana.pr.gov.br\/site\/wp-json\/wp\/v2\/users\/4"}],"replies":[{"embeddable":true,"href":"http:\/\/www.apucarana.pr.gov.br\/site\/wp-json\/wp\/v2\/comments?post=2710"}],"version-history":[{"count":1,"href":"http:\/\/www.apucarana.pr.gov.br\/site\/wp-json\/wp\/v2\/posts\/2710\/revisions"}],"predecessor-version":[{"id":104169,"href":"http:\/\/www.apucarana.pr.gov.br\/site\/wp-json\/wp\/v2\/posts\/2710\/revisions\/104169"}],"wp:attachment":[{"href":"http:\/\/www.apucarana.pr.gov.br\/site\/wp-json\/wp\/v2\/media?parent=2710"}],"wp:term":[{"taxonomy":"category","embeddable":true,"href":"http:\/\/www.apucarana.pr.gov.br\/site\/wp-json\/wp\/v2\/categories?post=2710"},{"taxonomy":"post_tag","embeddable":true,"href":"http:\/\/www.apucarana.pr.gov.br\/site\/wp-json\/wp\/v2\/tags?post=2710"}],"curies":[{"name":"wp","href":"https:\/\/api.w.org\/{rel}","templated":true}]}}