{"id":2709,"date":"2015-04-01T18:00:00","date_gmt":"2015-04-01T18:00:00","guid":{"rendered":"http:\/\/172.16.0.7\/site-antigo\/?p=2709"},"modified":"2024-10-08T09:10:14","modified_gmt":"2024-10-08T12:10:14","slug":"apucarana-anuncia-criacao-de-nova-politica-industrial","status":"publish","type":"post","link":"http:\/\/www.apucarana.pr.gov.br\/site\/apucarana-anuncia-criacao-de-nova-politica-industrial\/","title":{"rendered":"Apucarana anuncia cria\u00e7\u00e3o de nova pol\u00edtica industrial"},"content":{"rendered":"<\/p>\n<p><span style=\"letter-spacing: -0.02em; line-height: 1.45em; background-color: initial;\">O Programa de Desenvolvimento Econ&ocirc;mico de Apucarana (Prodea), regido pela Lei Municipal n\u00ba 009\/2002, ser\u00e1 extinto em breve, abrindo espa\u00e7o para uma nova pol\u00edtica industrial, ainda em elabora\u00e7\u00e3o pela Prefeitura de Apucarana. O an\u00fancio foi feito nesta quarta-feira (01\/04) pelo prefeito Beto Preto (PT) durante ato de repasse de \u00e1reas industriais para que mais tr\u00eas empresas locais possam expandir suas atividades.<br \/><\/span><span style=\"letter-spacing: -0.02em; line-height: 1.45em; background-color: initial;\"><br \/>Segundo o prefeito, o Prodea j\u00e1 deu sua contribui\u00e7\u00e3o mas hoje pode ser classificada como uma legisla\u00e7\u00e3o obsoleta. &ldquo;Esta, provavelmente, \u00e9 a pen\u00faltima rodada de empresas atendidas pelo Prodea, imagino que tenhamos apenas mais uma rodada nos pr\u00f3ximos dias, uma vez que estamos finalizando a formata\u00e7\u00e3o de uma nova pol\u00edtica de industrializa\u00e7\u00e3o, que vai trazer mecanismos modernos para que Apucarana possa verdadeiramente atrair investimentos&rdquo;, disse Beto.<br \/><\/span><span style=\"letter-spacing: -0.02em; line-height: 1.45em; background-color: initial;\"><br \/>De acordo com ele, as novas regras est\u00e3o sendo cuidadosamente pensadas e ter\u00e3o como referencial a proposta da Cidade Industrial da Juruba, em fase de estrutura\u00e7\u00e3o. &ldquo;Tenho mantido conversas com \u00f3rg\u00e3os federais e estaduais. Nesta semana mesmo estive no Instituto Paranaense de Desenvolvimento Econ&ocirc;mico e Social (Ipardes), e a Cidade Industrial da Juruba vai ser um referencial de tudo o que pensamos como ideal na \u00e1rea&rdquo;, exemplificou o prefeito. <\/p>\n<p>O novo parque industrial est\u00e1 sendo instalado em \u00e1rea de 550 mil metros quadrados e contar\u00e1 com 237 lotes, com medidas entre mil a 1,5 mil metros quadrados. Como diferencial, a Cidade Industrial de Apucarana vai contar com um centro administrativo que vai disponibilizar uma estrutura central para atender tanto aos empreendedores, quanto aos trabalhadores. O local vai disponibilizar espa\u00e7o para instala\u00e7\u00e3o de postos de atendimento banc\u00e1rio, lot\u00e9rica, escrit\u00f3rios de parceiros como UTFPR, Acia, Sebrae, entre outros ligados ao setor industrial. &ldquo;Estamos tamb\u00e9m pensando na instala\u00e7\u00e3o de um refeit\u00f3rio comunit\u00e1rio&rdquo;, comentou Beto.<br \/><\/span><span style=\"letter-spacing: -0.02em; line-height: 1.45em; background-color: initial;\"><br \/>Junto da Cidade Industrial de Apucarana, em um terreno de 30 alqueires que tamb\u00e9m fazia parte da Fazenda Juruba, est\u00e1 em adiantado est\u00e1gio de constru\u00e7\u00e3o o Residencial Fariz Gebrim, com 911 unidades do Programa Minha Casa Minha Vida, do Governo Federal.<br \/><\/span><span style=\"letter-spacing: -0.02em; line-height: 1.45em; background-color: initial;\"><br \/><b>Repasse de \u00e1reas <\/b><\/span><span style=\"letter-spacing: -0.02em; line-height: 1.45em; background-color: initial;\">&ndash; Juntamente com o an\u00fancio da cria\u00e7\u00e3o de uma nova pol\u00edtica industrial para a cidade, o prefeito assinou contratos de aliena\u00e7\u00e3o de im\u00f3veis industriais do Prodea, com incentivos aprovados pela C&acirc;mara de Vereadores, a tr\u00eas empresas locais. Atuando no setor de alimenta\u00e7\u00e3o animal, a empresa Ri-C\u00e3o Pet Foods Ltda. &#8211; ME, que atualmente gera em torno de 112 empregos diretos e indiretos, recebeu \u00e1rea de 2.521,50 m&sup2; no Parque Industrial Galan; no setor de fabrica\u00e7\u00e3o de massas aliment\u00edcias, a empresa Casa de Salgados C\u00edcera Godoi Siqueira &ndash; ME (Kikoxinha), que atualmente gera 64 empregos diretos e indiretos, recebeu 2.174,86 m&sup2; no Parque Industrial Danilo Romano Bert\u00e9; e no ramo de confec\u00e7\u00f5es de bon\u00e9s e camisetas, a Master CRN Ind\u00fastria e Com\u00e9rcio Ltda. &#8211; ME, que gera cerca de 40 empregos diretos e indiretos, recebeu terreno de 1.226,95 m&sup2;, no parque do N\u00facleo Residencial Afonso Camargo. &ldquo;Quero agradecer \u00e0 prefeitura por esta oportunidade, e procuraremos agora ajudar ainda mais a nossa cidade, duplicando e, quem sabe, triplicando o n\u00famero de funcion\u00e1rios&rdquo;, disse o empres\u00e1rio Ricardo Maiola, da Ki-C\u00e3o.<\/p>\n<p><\/span><\/p>\n<p><b>Presen\u00e7as<\/b> &ndash; Al\u00e9m do prefeito Beto Preto, prestigiaram o evento os secret\u00e1rios La\u00e9rcio Beani da Costa (Ind\u00fastria e Com\u00e9rcio), S\u00e9rgio Luiz Barroso (Governo), e os vereadores Aurita Bertoli, Jos\u00e9 Eduardo Antoniassi e Gilberto Cordeiro de Lima. <\/p><\/p>\n","protected":false},"excerpt":{"rendered":"<p>As novas regras est&atilde;o sendo cuidadosamente pensadas e ter&atilde;o como referencial a proposta da Cidade Industrial da Juruba<\/p>\n","protected":false},"author":4,"featured_media":0,"comment_status":"closed","ping_status":"closed","sticky":false,"template":"","format":"standard","meta":{"footnotes":""},"categories":[24],"tags":[],"class_list":["post-2709","post","type-post","status-publish","format-standard","hentry","category-noticias"],"acf":[],"_links":{"self":[{"href":"http:\/\/www.apucarana.pr.gov.br\/site\/wp-json\/wp\/v2\/posts\/2709","targetHints":{"allow":["GET"]}}],"collection":[{"href":"http:\/\/www.apucarana.pr.gov.br\/site\/wp-json\/wp\/v2\/posts"}],"about":[{"href":"http:\/\/www.apucarana.pr.gov.br\/site\/wp-json\/wp\/v2\/types\/post"}],"author":[{"embeddable":true,"href":"http:\/\/www.apucarana.pr.gov.br\/site\/wp-json\/wp\/v2\/users\/4"}],"replies":[{"embeddable":true,"href":"http:\/\/www.apucarana.pr.gov.br\/site\/wp-json\/wp\/v2\/comments?post=2709"}],"version-history":[{"count":1,"href":"http:\/\/www.apucarana.pr.gov.br\/site\/wp-json\/wp\/v2\/posts\/2709\/revisions"}],"predecessor-version":[{"id":104170,"href":"http:\/\/www.apucarana.pr.gov.br\/site\/wp-json\/wp\/v2\/posts\/2709\/revisions\/104170"}],"wp:attachment":[{"href":"http:\/\/www.apucarana.pr.gov.br\/site\/wp-json\/wp\/v2\/media?parent=2709"}],"wp:term":[{"taxonomy":"category","embeddable":true,"href":"http:\/\/www.apucarana.pr.gov.br\/site\/wp-json\/wp\/v2\/categories?post=2709"},{"taxonomy":"post_tag","embeddable":true,"href":"http:\/\/www.apucarana.pr.gov.br\/site\/wp-json\/wp\/v2\/tags?post=2709"}],"curies":[{"name":"wp","href":"https:\/\/api.w.org\/{rel}","templated":true}]}}