{"id":27085,"date":"2019-10-07T12:41:29","date_gmt":"2019-10-07T15:41:29","guid":{"rendered":"http:\/\/172.16.0.7\/site-antigo\/?p=27085"},"modified":"2024-10-08T09:19:49","modified_gmt":"2024-10-08T12:19:49","slug":"pedala-apucarana-reune-ciclistas-e-arrecada-brinquedos","status":"publish","type":"post","link":"http:\/\/www.apucarana.pr.gov.br\/site\/pedala-apucarana-reune-ciclistas-e-arrecada-brinquedos\/","title":{"rendered":"Pedala Apucarana re\u00fane ciclistas e arrecada brinquedos"},"content":{"rendered":"<p>O passeio cicl\u00edstico Pedala Apucarana reuniu amigos e familiares no domingo. Com percurso leve, os ciclistas percorreram ruas da \u00e1rea central. Para a inscri\u00e7\u00e3o no passeio, foi solicitado que os participantes levassem brinquedos que ser\u00e3o doados para crian\u00e7as.<br \/>\nDe acordo com a secret\u00e1ria municipal de Esportes e Lazer, Jossuela Pinheiro, a doa\u00e7\u00e3o ser\u00e1 feita pelo Instituto Locomotiva Norte do Paran\u00e1, uma das institui\u00e7\u00f5es parcerias do evento. \u201cO percurso foi leve e muito divertido, saindo da Pra\u00e7a Rui Barbosa, passando pelas ruas Ponta Grossa, Os\u00f3rio Ribas de Paula e Osvaldo Cruz, retornando na Pra\u00e7a Rui Barbosa\u201d, descreve Jossuela.<br \/>\nO evento reuniu mais de 100 pessoas e contou com o apoio de diversos patrocinadores e apoiadores, entre os quais a\u00a0 Locomotiva Norte do Paran\u00e1, Secretaria Municipal de Esportes, Associa\u00e7\u00e3o Comercial, Industrial e de Servi\u00e7os de Apucarana (Acia), 98FM, Pro Sol, Athletic Sport, P\u00e9 Vermelho, Dias Couro, Sindicato do Com\u00e9rcio Varejista de Apucarana (Sivana), C\u00e2mara da Mulher, Associa\u00e7\u00e3o Terra Brasil e Atacad\u00e3o Duas Rodas &#8211; Loja da Bicicleta.<\/p>\n","protected":false},"excerpt":{"rendered":"<p>Com percurso leve, os participantes fizeram o passeio por ruas da \u00e1rea central. (Foto: PMA)<\/p>\n","protected":false},"author":4,"featured_media":27093,"comment_status":"closed","ping_status":"open","sticky":false,"template":"","format":"standard","meta":{"footnotes":""},"categories":[24],"tags":[],"class_list":["post-27085","post","type-post","status-publish","format-standard","has-post-thumbnail","hentry","category-noticias"],"acf":[],"_links":{"self":[{"href":"http:\/\/www.apucarana.pr.gov.br\/site\/wp-json\/wp\/v2\/posts\/27085","targetHints":{"allow":["GET"]}}],"collection":[{"href":"http:\/\/www.apucarana.pr.gov.br\/site\/wp-json\/wp\/v2\/posts"}],"about":[{"href":"http:\/\/www.apucarana.pr.gov.br\/site\/wp-json\/wp\/v2\/types\/post"}],"author":[{"embeddable":true,"href":"http:\/\/www.apucarana.pr.gov.br\/site\/wp-json\/wp\/v2\/users\/4"}],"replies":[{"embeddable":true,"href":"http:\/\/www.apucarana.pr.gov.br\/site\/wp-json\/wp\/v2\/comments?post=27085"}],"version-history":[{"count":1,"href":"http:\/\/www.apucarana.pr.gov.br\/site\/wp-json\/wp\/v2\/posts\/27085\/revisions"}],"predecessor-version":[{"id":100087,"href":"http:\/\/www.apucarana.pr.gov.br\/site\/wp-json\/wp\/v2\/posts\/27085\/revisions\/100087"}],"wp:featuredmedia":[{"embeddable":true,"href":"http:\/\/www.apucarana.pr.gov.br\/site\/wp-json\/"}],"wp:attachment":[{"href":"http:\/\/www.apucarana.pr.gov.br\/site\/wp-json\/wp\/v2\/media?parent=27085"}],"wp:term":[{"taxonomy":"category","embeddable":true,"href":"http:\/\/www.apucarana.pr.gov.br\/site\/wp-json\/wp\/v2\/categories?post=27085"},{"taxonomy":"post_tag","embeddable":true,"href":"http:\/\/www.apucarana.pr.gov.br\/site\/wp-json\/wp\/v2\/tags?post=27085"}],"curies":[{"name":"wp","href":"https:\/\/api.w.org\/{rel}","templated":true}]}}