{"id":2708,"date":"2015-04-01T17:01:00","date_gmt":"2015-04-01T17:01:00","guid":{"rendered":"http:\/\/172.16.0.7\/site-antigo\/?p=2708"},"modified":"2024-10-08T09:10:14","modified_gmt":"2024-10-08T12:10:14","slug":"autarquia-de-educacao-entrega-ovos-de-pascoa-para-criancas-da-rede-municipal","status":"publish","type":"post","link":"http:\/\/www.apucarana.pr.gov.br\/site\/autarquia-de-educacao-entrega-ovos-de-pascoa-para-criancas-da-rede-municipal\/","title":{"rendered":"Autarquia de Educa\u00e7\u00e3o entrega ovos de p\u00e1scoa para crian\u00e7as da rede municipal"},"content":{"rendered":"<\/p>\n<p>Milhares de ovos de chocolate est\u00e3o sendo distribu\u00eddos esta semana para os alunos da rede municipal de Apucarana por ocasi\u00e3o da festa da p\u00e1scoa. A entrega oficial, com a presen\u00e7a do prefeito Beto Preto e da secret\u00e1ria de educa\u00e7\u00e3o Marli Fernandes, foi realizada na manh\u00e3 de hoje (01\/04) nas escolas Dinarte Pereira de Ara\u00fajo (Parque Bigua\u00e7u) e Mateus Leme (Vila Oper\u00e1ria).<\/p>\n<p><p><b><u>Click nos links de \u00e1udio acima<\/u><\/b><\/p>\n<\/p>\n<p>Tamb\u00e9m acompanharam os atos<b>,<\/b>os vereadores Jos\u00e9 Airton Deco de Ara\u00fajo, Alcides Ramos J\u00fanior e Aurita Ferreira Bertoli e o presidente do Conselho Municipal do Fundeb (Fundo de Manuten\u00e7\u00e3o e Desenvolvimento da Educa\u00e7\u00e3o B\u00e1sica e de Valoriza\u00e7\u00e3o dos Profissionais da Educa\u00e7\u00e3o),Jos\u00e9 Roberto Luciano, entre outras autoridades.<\/p>\n<p>Esse ano, a Autarquia Municipal de Educa\u00e7\u00e3o adquiriu cerca de doze mil ovos de excelente qualidade para tornar mais doce e alegre a p\u00e1scoa de seus estudantes. &ldquo;N\u00f3s n\u00e3o podemos exigir uma marca espec\u00edfica de chocolate no processo licitat\u00f3rio, mas tivemos a sorte de a empresa vencedora da concorr\u00eancia ter nos oferecido produtos da Lacta&rdquo;, explicou a secret\u00e1ria Marli.<\/p>\n<p>Ela ainda lembrou que ovos de chocolate especiais tamb\u00e9m foram comprados para as crian\u00e7as que possuem algum tipo de restri\u00e7\u00e3o alimentar. &ldquo;H\u00e1 alunos diab\u00e9ticos e com intoler&acirc;ncia ao gl\u00faten e \u00e0 lactose na rede municipal de ensino, que n\u00e3o poderiam ficar de fora da comemora\u00e7\u00e3o&rdquo;, afirmou.<\/p>\n<p>O prefeito Beto Preto, por sua vez, recordou aos estudantes o verdadeiro sentido da p\u00e1scoa e ratificou o seu compromisso com a educa\u00e7\u00e3o. &ldquo;Essa \u00e9 a festa da ressurrei\u00e7\u00e3o de Cristo, momento de refletirmos sobre a constru\u00e7\u00e3o de uma vida nova. Irmanados nesse sentimento \u00e9 que temos procurado investir o m\u00e1ximo no ensino municipal, com a reforma e amplia\u00e7\u00e3o dos pr\u00e9dios, a troca do mobili\u00e1rio e da linha branca e a instala\u00e7\u00e3o de c&acirc;meras de seguran\u00e7a em todas as escolas e CMEIs. O ovo de chocolate \u00e9 apenas mais uma demonstra\u00e7\u00e3o do quanto essas crian\u00e7as e suas fam\u00edlias s\u00e3o importantes para n\u00f3s&rdquo;, declarou.<\/p>\n<p>O presidente do Conselho Municipal do Fundeb, Jos\u00e9 Roberto Luciano, finalizou parabenizando a administra\u00e7\u00e3o municipal por tudo o que vem sendo feito. &ldquo;&Eacute; motivo de orgulho viver em uma cidade onde o ensino da rede municipal encontra-se em p\u00e9 de igualdade com o ofertado pelas escolas particulares. Parab\u00e9ns ao gestor p\u00fablico que vem cumprindo e superando todas as metas e \u00edndices estipulados para a educa\u00e7\u00e3o&rdquo;, disse.<\/p>\n<p><\/p>\n","protected":false},"excerpt":{"rendered":"<p>Esse ano, a AME adquiriu cerca de doze mil ovos de excelente qualidade para tornar mais doce e alegre a p&aacute;scoa de seus estudantes.<\/p>\n","protected":false},"author":4,"featured_media":0,"comment_status":"closed","ping_status":"closed","sticky":false,"template":"","format":"standard","meta":{"footnotes":""},"categories":[24],"tags":[],"class_list":["post-2708","post","type-post","status-publish","format-standard","hentry","category-noticias"],"acf":[],"_links":{"self":[{"href":"http:\/\/www.apucarana.pr.gov.br\/site\/wp-json\/wp\/v2\/posts\/2708","targetHints":{"allow":["GET"]}}],"collection":[{"href":"http:\/\/www.apucarana.pr.gov.br\/site\/wp-json\/wp\/v2\/posts"}],"about":[{"href":"http:\/\/www.apucarana.pr.gov.br\/site\/wp-json\/wp\/v2\/types\/post"}],"author":[{"embeddable":true,"href":"http:\/\/www.apucarana.pr.gov.br\/site\/wp-json\/wp\/v2\/users\/4"}],"replies":[{"embeddable":true,"href":"http:\/\/www.apucarana.pr.gov.br\/site\/wp-json\/wp\/v2\/comments?post=2708"}],"version-history":[{"count":1,"href":"http:\/\/www.apucarana.pr.gov.br\/site\/wp-json\/wp\/v2\/posts\/2708\/revisions"}],"predecessor-version":[{"id":104171,"href":"http:\/\/www.apucarana.pr.gov.br\/site\/wp-json\/wp\/v2\/posts\/2708\/revisions\/104171"}],"wp:attachment":[{"href":"http:\/\/www.apucarana.pr.gov.br\/site\/wp-json\/wp\/v2\/media?parent=2708"}],"wp:term":[{"taxonomy":"category","embeddable":true,"href":"http:\/\/www.apucarana.pr.gov.br\/site\/wp-json\/wp\/v2\/categories?post=2708"},{"taxonomy":"post_tag","embeddable":true,"href":"http:\/\/www.apucarana.pr.gov.br\/site\/wp-json\/wp\/v2\/tags?post=2708"}],"curies":[{"name":"wp","href":"https:\/\/api.w.org\/{rel}","templated":true}]}}