{"id":2707,"date":"2015-04-01T16:41:00","date_gmt":"2015-04-01T16:41:00","guid":{"rendered":"http:\/\/172.16.0.7\/site-antigo\/?p=2707"},"modified":"2024-10-08T09:10:14","modified_gmt":"2024-10-08T12:10:14","slug":"paixao-de-cristo-lota-cine-teatro-fenix","status":"publish","type":"post","link":"http:\/\/www.apucarana.pr.gov.br\/site\/paixao-de-cristo-lota-cine-teatro-fenix\/","title":{"rendered":"&#8220;Paix\u00e3o de Cristo&#8221; lota Cine Teatro F\u00eanix"},"content":{"rendered":"<p><p><span style=\"letter-spacing: -0.02em; line-height: 1.45em; background-color: initial;\">A estr\u00e9ia do espet\u00e1culo Paix\u00e3o de Cristo, tradicionalmente realizada pela Secretaria da Promo\u00e7\u00e3o Art\u00edstica, Cultural e Tur\u00edstica, na Semana Santa, lotou ontem \u00e0 noite o Cine Teatro F\u00eanix. Com os ingressos esgotados deste a manh\u00e3 de hoje, o segundo dia da apresenta\u00e7\u00e3o, hoje, \u00e0s 20 horas, j\u00e1 tem sucesso de p\u00fablico garantido.<\/span><\/p>\n<p>A pe\u00e7a teatral &ldquo;Paix\u00e3o de Cristo Segundo Cristino&rdquo; \u00e9 interpretada pelos 110 alunos da Escola Municipal de Teatro, com participa\u00e7\u00e3o especial de alunas da Escola Municipal de Dan\u00e7a. &ldquo;&Eacute; uma \u00f3tima oportunidade para o grupo de teatro atuar diante de um grande p\u00fablico. &Eacute; uma forma de valorizar o desempenho de cada um como ator. Ao mesmo tempo mantemos a tradi\u00e7\u00e3o de oferecer esse espet\u00e1culo para o p\u00fablico apucaranense. A cada ano a pe\u00e7a \u00e9 aprimorada e traz novidades&rdquo;, afirma a secret\u00e1ria da Promo\u00e7\u00e3o Art\u00edstica, Cultural e Art\u00edstica, Maria Agar.<\/p>\n<p>A &ldquo;Paix\u00e3o de Cristo Segundo Cristino&rdquo; foi escrita por Geraldo Vandr\u00e9, em 1968, para a celebra\u00e7\u00e3o da Semana Santa da Igreja de S\u00e3o Domingos das Perdizes, em S\u00e3o Paulo. Com o assessoramento teol\u00f3gico dos frades dominicanos, Vandr\u00e9 escreveu uma das mais belas p\u00e1ginas lit\u00fargicas populares sobre a paix\u00e3o e a morte de Jesus Cristo.<\/p>\n<p><\/p>\n","protected":false},"excerpt":{"rendered":"<p>Espet&aacute;culo &eacute; encenado por alunos da Escola Municipal de Teatro<\/p>\n","protected":false},"author":4,"featured_media":0,"comment_status":"closed","ping_status":"closed","sticky":false,"template":"","format":"standard","meta":{"footnotes":""},"categories":[24],"tags":[],"class_list":["post-2707","post","type-post","status-publish","format-standard","hentry","category-noticias"],"acf":[],"_links":{"self":[{"href":"http:\/\/www.apucarana.pr.gov.br\/site\/wp-json\/wp\/v2\/posts\/2707","targetHints":{"allow":["GET"]}}],"collection":[{"href":"http:\/\/www.apucarana.pr.gov.br\/site\/wp-json\/wp\/v2\/posts"}],"about":[{"href":"http:\/\/www.apucarana.pr.gov.br\/site\/wp-json\/wp\/v2\/types\/post"}],"author":[{"embeddable":true,"href":"http:\/\/www.apucarana.pr.gov.br\/site\/wp-json\/wp\/v2\/users\/4"}],"replies":[{"embeddable":true,"href":"http:\/\/www.apucarana.pr.gov.br\/site\/wp-json\/wp\/v2\/comments?post=2707"}],"version-history":[{"count":1,"href":"http:\/\/www.apucarana.pr.gov.br\/site\/wp-json\/wp\/v2\/posts\/2707\/revisions"}],"predecessor-version":[{"id":104172,"href":"http:\/\/www.apucarana.pr.gov.br\/site\/wp-json\/wp\/v2\/posts\/2707\/revisions\/104172"}],"wp:attachment":[{"href":"http:\/\/www.apucarana.pr.gov.br\/site\/wp-json\/wp\/v2\/media?parent=2707"}],"wp:term":[{"taxonomy":"category","embeddable":true,"href":"http:\/\/www.apucarana.pr.gov.br\/site\/wp-json\/wp\/v2\/categories?post=2707"},{"taxonomy":"post_tag","embeddable":true,"href":"http:\/\/www.apucarana.pr.gov.br\/site\/wp-json\/wp\/v2\/tags?post=2707"}],"curies":[{"name":"wp","href":"https:\/\/api.w.org\/{rel}","templated":true}]}}