{"id":2706,"date":"2015-04-01T10:57:59","date_gmt":"2015-04-01T10:57:59","guid":{"rendered":"http:\/\/172.16.0.7\/site-antigo\/?p=2706"},"modified":"2024-10-08T09:10:14","modified_gmt":"2024-10-08T12:10:14","slug":"festival-de-natacao-promove-a-integracao-de-pais-e-filhos","status":"publish","type":"post","link":"http:\/\/www.apucarana.pr.gov.br\/site\/festival-de-natacao-promove-a-integracao-de-pais-e-filhos\/","title":{"rendered":"Festival de nata\u00e7\u00e3o promove a integra\u00e7\u00e3o de pais e filhos"},"content":{"rendered":"<p><span style=\"letter-spacing: -0.02em; line-height: 1.45em; background-color: initial;\">Al\u00e9m de buscar relevar novos talentos, o Festival de Nata\u00e7\u00e3o realizado pela Secretaria Municipal de Esportes e Lazer promove a integra\u00e7\u00e3o entre as fam\u00edlias. A terceira edi\u00e7\u00e3o do evento ocorreu no \u00faltimo final de semana, na piscina semiol\u00edmpica do Centro da Juventude Alex Mazaron, localizado no Jardim Diamantina. E n\u00e3o faltou apoio para os cerca de 100 atletas participantes, que contaram com o constante incentivo dos pais e demais familiares. Como premia\u00e7\u00e3o, houve a entrega de medalhas do 1\u00ba ao 5\u00ba lugar em cada uma das modalidades.<\/span><\/p>\n<p>O festival de nata\u00e7\u00e3o, que envolveu atletas de 8 a 18 anos nos naipes feminino e masculino, teve a realiza\u00e7\u00e3o de 13 provas nas modalidades crawl, costas e peito. &ldquo;Estiveram presentes as escolas de nata\u00e7\u00e3o do Centro da Juventude, Col\u00e9gio S\u00e3o Jos\u00e9, Country Clube, al\u00e9m de atletas do munic\u00edpio de Maril&acirc;ndia do Sul&rdquo;, cita Paulo Aparecido Kisner (Paul\u00e3o), secret\u00e1rio municipal de Esportes e Lazer. <\/p>\n<p>De acordo com o secret\u00e1rio, houve provas de 25 e 50 metros e muitos atletas mostraram grande potencial. &ldquo;A presen\u00e7a dos pais foi importante incentivando os seus filhos. A Secretaria de Esportes est\u00e1 buscando os atletas que possa estar representando o nosso munic\u00edpio em competi\u00e7\u00f5es oficiais e j\u00e1 pudemos identificar alguns atletas de destaque&rdquo;, frisa Paul\u00e3o, informando que para m\u00eas de outubro j\u00e1 est\u00e1 programado o quarto festival de nata\u00e7\u00e3o. &ldquo;Al\u00e9m do munic\u00edpio de Apucarana, ser\u00e3o convidadas escolinhas de nata\u00e7\u00e3o de toda a nossa regi\u00e3o&rdquo;, acrescenta o secret\u00e1rio.<\/p>\n<p><b><\/b><\/p>\n<p><b><u>CLASSIFICA&Ccedil;&Atilde;O DO 3\u00ba FESTIVAL DE NATA&Ccedil;&Atilde;O <\/u><\/b><\/p>\n<p>01\u00aa PROVA 25 MT. PERNADA CRAWL COM PRANCHA MASC. (CATEGORIA LIVRE)<\/p>\n<p>&ndash; Victor Dodo Boroch           Centro da juventude        1\u00ba LUGAR<\/p>\n<p>&ndash; Jonathas Matheus M. Firmino    Centro da juventude       2\u00ba LUGAR<\/p>\n<p>&#8212; Gabriel Henrique V. Martins      Centro da juventude       3\u00ba LUGAR<\/p>\n<p>&ndash; Alessandro Augusto Peres        Centro da juventude      4\u00ba LUGAR<\/p>\n<p>&ndash; Paulo Otavio v. Ribeiro           Centro da juventude       5\u00ba LUGAR<\/p>\n<p>02\u00aa PROVA 25 MT. PERNADA CRAWL COM PRANCHA FEM. (CATEGORIA LIVRE )<\/p>\n<p>&ndash;Juliana Andrade dos Santos da Cruz      Centro da juventude      1\u00ba LUGAR <\/p>\n<p>&#8211; Ashiley Concei\u00e7\u00e3o Taborda               Centro da juventude      2&deg; LUGAR<\/p>\n<p>&#8212; Dhenyfer dos Anjos Fonseca            Centro da juventude       3\u00ba LUGAR<\/p>\n<p>&ndash; Thaissa Stefanny Fonseca Silva          Centro da juventude        4\u00ba LUGAR<\/p>\n<p>&#8211; Raiza Juliana Cardoso Fimiano           Centro da juventude       5\u00ba LUGAR<\/p>\n<p>03\u00aa PROVA 25 MT. CRAWL MASC.  (8 A10 ANOS )<\/p>\n<p>_ Felipe Koch Barreto                Col.S\u00e3o Jos\u00e9          1\u00ba LUGAR <\/p>\n<p>&ndash; Thiago Alexandre P. Colombo         Col.S\u00e3o Jos\u00e9          2\u00ba LUGAR<\/p>\n<p>&ndash; Francisco Zanon Costa              Country Clube           3\u00ba LUGAR<\/p>\n<p>&ndash; Pedro Lima                        Col.S\u00e3o Jos\u00e9           4\u00ba LUGAR <\/p>\n<p>&ndash; Jo\u00e3o Victor Vieira Rocha            Col.S\u00e3o jos\u00e9            5\u00ba LUGAR<\/p>\n<p>04\u00aa PROVA 25 MT. CRAWL FEM.  (8 A10 ANOS )<\/p>\n<p>&ndash; Maria J\u00falia P. Mendon\u00e7a                Country           1\u00ba LUGAR <\/p>\n<p>&ndash; Giovana Emily Stroh                Col.S\u00e3o Jos\u00e9          2\u00ba LUGAR<\/p>\n<p> &ndash; Kamilly Santos                      Col.S\u00e3o Jos\u00e9          3\u00ba LUGAR<\/p>\n<p>&ndash; J\u00falia koch Barreto                   Col.S\u00e3o Jos\u00e9         4\u00ba LUGAR<\/p>\n<p> &ndash; Ana Elisa Bettanin                  Country Clube         5\u00ba LUGAR <\/p>\n<p>05\u00aa PROVA 50 MT. CRAWL MASC.  (11 a13 ANOS )<\/p>\n<p>&ndash; Gabriel Sartori Rosa               Maril&acirc;ndia do Sul         1\u00ba LUGAR<\/p>\n<p>&ndash; Gabriel Henrique dos Santos        Centro da Juventude      2\u00ba LUGAR <\/p>\n<p>6\u00aa PROVA 50 MT. CRAWL FEM.  (11 a13 ANOS )<\/p>\n<p>&ndash;Greice Rafaela Amantino          Country Clube            1\u00ba LUGAR<\/p>\n<p>&ndash; Caroline Yumi Hashimoto           Col. S\u00e3o Jos\u00e9           2\u00ba LUGAR<\/p>\n<p>&#8212; Maria Eduarda Chaves dos Santos   Country Clube          3\u00ba LUGAR<\/p>\n<p>_ Isabela Larissa F. Popoviscz         Centro da Juventude     4\u00ba LUGAR<\/p>\n<p>7\u00aa PROVA 50 MT. CRAWL MASC.  (14 a16 ANOS )<\/p>\n<p>&ndash; Gabriel Barbosa Rezende             Col.S\u00e3o jos\u00e9          1\u00ba LUGAR<\/p>\n<p>&#8211; Felipe Sartori Rosa                  Maril&acirc;ndia do Sul        2\u00ba LUGAR<\/p>\n<p>&ndash; Eric Felipe Balbino                  Centro da juventude      3\u00ba LUGAR<\/p>\n<p>&ndash; Anderson Clayton da Silva          Centro da Juventude       4\u00ba LUGAR<\/p>\n<p>8\u00aa PROVA 25 MT. COSTAS MASC.  (08 a10 ANOS )<\/p>\n<p>&ndash; Abner Mois\u00e9s Amantino             Country clube            1\u00ba LUGAR<\/p>\n<p>&ndash; Igor Jos\u00e9 Gomes                   Col.s\u00e3o jos\u00e9              2\u00ba LUGAR<\/p>\n<p>&ndash; Francisco Zanon Costa              Country Clube           3\u00ba LUGAR<\/p>\n<p>&ndash; Ahron Stocco Sim\u00f5es               Country Clube           4\u00ba LUGAR<\/p>\n<p>9\u00aa PROVA 25 MT. COSTAS FEM.  (08 a10 ANOS )<\/p>\n<p>&ndash; Maria J\u00falia Piacentini Mendon\u00e7a        Country Clube           1\u00ba LUGAR<\/p>\n<p>&ndash; Mariana M&ocirc;naco Lemos               Col.S\u00e3o Jos\u00e9            2\u00ba LUGAR<\/p>\n<p>&ndash; Gabriele Hissami kiya                Col.S\u00e3o Jos\u00e9           3\u00ba LUGAR<\/p>\n<p>&ndash; Caroline Silva Salgado                Country Clube           4\u00ba LUGAR<\/p>\n<p>&ndash; J\u00falia koch Barreto                     Col. S\u00e3o Jos\u00e9          5\u00ba LUGAR<\/p>\n<p>10\u00aa PROVA 50 MT. COSTAS MASC.  (11 a13 ANOS )<\/p>\n<p>&ndash; Vitor Scandiuzzi                       Col. S\u00e3o Jos\u00e9         1\u00ba LUGAR<\/p>\n<p>&ndash; Gabriel Sartori Rosa                    Maril&acirc;ndia do Sul       2\u00ba LUGAR<\/p>\n<p>11\u00aa PROVA 50 MT. COSTAS MASC.  (14 a16 ANOS )<\/p>\n<p>&ndash; Felipe Sartori Rosa                    Maril&acirc;ndia do Sul        1\u00ba LUGAR<\/p>\n<p>12\u00aa PROVA 25 MT. PEITO MASC.  (08 a10 ANOS )<\/p>\n<p>&ndash;Lucas Augusto Costa                   Country Clube        1\u00ba LUGAR<\/p>\n<p>_ Francisco Zanon Costa                 Country Clube        2\u00ba LUGAR<\/p>\n<p>13\u00aa PROVA 50 MT. PEITO FEM .  (11 a 13 ANOS )<\/p>\n<p>&ndash; Maria Eduarda Brentan Milano           Country Clube         1\u00ba LUGAR<\/p>\n<p>&ndash; Maria Vit\u00f3ria P. Mendon\u00e7a              Country Clube         2\u00ba LUGAR<\/p>\n<p>&ndash; Greice Rafaela                         Country Clube         3\u00ba LUGAR<\/p>\n<p>_ Maria Julia Mendon\u00e7a                    Country Clube          4\u00ba LUGAR<\/p>\n<\/p>\n<p><\/p>\n","protected":false},"excerpt":{"rendered":"<p>Evento reuniu atletas de 8 a 18 anos, tendo provas nas modalidades crawl, costas e peito<\/p>\n","protected":false},"author":4,"featured_media":0,"comment_status":"closed","ping_status":"closed","sticky":false,"template":"","format":"standard","meta":{"footnotes":""},"categories":[24],"tags":[],"class_list":["post-2706","post","type-post","status-publish","format-standard","hentry","category-noticias"],"acf":[],"_links":{"self":[{"href":"http:\/\/www.apucarana.pr.gov.br\/site\/wp-json\/wp\/v2\/posts\/2706","targetHints":{"allow":["GET"]}}],"collection":[{"href":"http:\/\/www.apucarana.pr.gov.br\/site\/wp-json\/wp\/v2\/posts"}],"about":[{"href":"http:\/\/www.apucarana.pr.gov.br\/site\/wp-json\/wp\/v2\/types\/post"}],"author":[{"embeddable":true,"href":"http:\/\/www.apucarana.pr.gov.br\/site\/wp-json\/wp\/v2\/users\/4"}],"replies":[{"embeddable":true,"href":"http:\/\/www.apucarana.pr.gov.br\/site\/wp-json\/wp\/v2\/comments?post=2706"}],"version-history":[{"count":1,"href":"http:\/\/www.apucarana.pr.gov.br\/site\/wp-json\/wp\/v2\/posts\/2706\/revisions"}],"predecessor-version":[{"id":104173,"href":"http:\/\/www.apucarana.pr.gov.br\/site\/wp-json\/wp\/v2\/posts\/2706\/revisions\/104173"}],"wp:attachment":[{"href":"http:\/\/www.apucarana.pr.gov.br\/site\/wp-json\/wp\/v2\/media?parent=2706"}],"wp:term":[{"taxonomy":"category","embeddable":true,"href":"http:\/\/www.apucarana.pr.gov.br\/site\/wp-json\/wp\/v2\/categories?post=2706"},{"taxonomy":"post_tag","embeddable":true,"href":"http:\/\/www.apucarana.pr.gov.br\/site\/wp-json\/wp\/v2\/tags?post=2706"}],"curies":[{"name":"wp","href":"https:\/\/api.w.org\/{rel}","templated":true}]}}