{"id":27053,"date":"2019-10-05T11:39:46","date_gmt":"2019-10-05T14:39:46","guid":{"rendered":"http:\/\/172.16.0.7\/site-antigo\/?p=27053"},"modified":"2024-10-08T09:19:49","modified_gmt":"2024-10-08T12:19:49","slug":"meu-campinho-e-inaugurado-no-pirapo","status":"publish","type":"post","link":"http:\/\/www.apucarana.pr.gov.br\/site\/meu-campinho-e-inaugurado-no-pirapo\/","title":{"rendered":"\u201cMeu Campinho\u201d \u00e9 inaugurado no Pirap\u00f3"},"content":{"rendered":"<p>A solenidade de inaugura\u00e7\u00e3o aconteceu no final da tarde desta sexta-feira, com a presen\u00e7a do secret\u00e1rio de Estado do Desenvolvimento Urbano e Obras P\u00fablicas, Jo\u00e3o Carlos Ortega, do prefeito Junior da Femac e do vereador Franciley de Godoi \u201cPoim\u201d, que representa o distrito no Legislativo. Tamb\u00e9m participaram do evento o prefeito de Cambira, Emerson Toledo; o presidente da C\u00e2mara, Luciano Molina, o vereador Gentil Pereira, o empres\u00e1rio Val Marques, a secret\u00e1ria de esportes, Jossuela Pinheiro, e os demais secret\u00e1rios municipais.<br \/>\nA \u00e1rea disponibilizada para implantar o programa foi de 1.825,50 m\u00b2, no Distrito do Pirap\u00f3, aonde j\u00e1 existiam v\u00e1rios equipamentos comunit\u00e1rios, como creche, posto de sa\u00fade, gin\u00e1sio de esportes e academia ao ar livre. Com investimento de R$ 380 mil a fundo perdido \u2013 mais contrapartida de R$ 30 mil do munic\u00edpio -, o projeto tem por objetivo o incentivo \u00e0 pr\u00e1tica de esportes com o acompanhamento de profissionais de educa\u00e7\u00e3o f\u00edsica.<br \/>\nAo discursar na entrega do Meu campinho, o prefeito Junior da Femac, destacou que o ex-prefeito e secret\u00e1rio de estado da Sa\u00fade, Beto Preto, foi o grande respons\u00e1vel pela conquista da obra. \u201cO Beto Preto n\u00e3o conseguiu chegar a tempo de participar do evento, mas em reconhecimento ao seu trabalho pe\u00e7o uma salva de palmas para ele\u201d, disse Junior da Femac.<br \/>\n&#8220;Essa bela obra \u00e9 motivo de orgulho para todos n\u00f3s do Pirap\u00f3, pelo que representa em lazer para todas as idades. Me lembro de quando me encontrei com o Ratinho Junior , em 2017, para reivindicar o Meu Caminho&#8221;, comentou o vereador Poim. Ele enalteceu tamb\u00e9m o empenho do ex-prefeito Beto Preto na conquista da obra, e a continuidade do trabalho com o atual prefeito Junior da Femac.<br \/>\n\u201cO programa foi planejado com o objetivo de criar espa\u00e7os que oferecem acesso ao esporte, a todas as pessoas, em especial para as crian\u00e7as nos hor\u00e1rios que n\u00e3o est\u00e3o na escola, promovendo a cultura da pr\u00e1tica do esporte, da vida saud\u00e1vel e descoberta de novos talentos, com inten\u00e7\u00e3o de proteg\u00ea-las dos riscos das drogas e da viol\u00eancia das ruas\u201d, argumenta Junior da Femac.<br \/>\nO secret\u00e1rio Jo\u00e3o Carlos Ortega disse que o Meu Campinho tem o DNA do governador Ratinho Junior. &#8220;Foi ele quem trouxe para o Paran\u00e1 o modelo implantado na Alemanha. Estamos muito felizes por entregar estes equipamentos para o lazer e pr\u00e1tica esportiva para toda a popula\u00e7\u00e3o do Pirap\u00f3&#8221;, assinalou Ortega.<br \/>\nComp\u00f5em o Programa Meu Campinho, tr\u00eas m\u00f3dulos, com aproximadamente 941,00 m\u00b2, incluindo um campo de futebol com grama sint\u00e9tica, com ilumina\u00e7\u00e3o e alambrado, com \u00e1rea de 648,00m\u00b2. Al\u00e9m da pr\u00e1tica de futebol, o espa\u00e7o tamb\u00e9m poder\u00e1 ser utilizado para a pr\u00e1tica de handebol, voleibol e badminton, inser\u00e7\u00e3o de atividades esportivas para grupos especiais de terceira idade e deficientes.<br \/>\nO programa conta ainda com um playground com cinco brinquedos, em piso ecol\u00f3gico emborrachado. O \u201cEPDM\u201d \u00e9 um piso emborrachado, fabricado por meio do sistema de reciclagem de pneus. \u201cTrata-se de um piso ecol\u00f3gico, que pode ser ideal tanto para \u00e1reas externas, como playgrounds e quadras, quanto para \u00e1reas internas, como academias residenciais e ambientes corporativos\u201d, explica o prefeito Junior da Femac.<br \/>\nO Meu Campinho disp\u00f5e ainda de uma \u00e1rea de Lazer com mesas para jogos num pergolado, com \u00e1rea de 113,00m\u00b2. O programa \u00e9 complementado com urbaniza\u00e7\u00e3o e paisagismo do restante da \u00e1rea do terreno, com a constru\u00e7\u00e3o de passeios e grama.<br \/>\nApucarana foi contemplada com o Programa Meu Campinho no ano de 2017, pelas m\u00e3os do ent\u00e3o deputado estadual Carlos Roberto Massa, o \u201cRatinho J\u00fanior\u201d, que na \u00e9poca era o titular da Secretaria do Desenvolvimento Urbano.<\/p>\n","protected":false},"excerpt":{"rendered":"<p>Nova pra\u00e7a esportiva foi entregue pelo secret\u00e1rio de Estado do Desenvolvimento Urbano e Obras P\u00fablicas, Jo\u00e3o Carlos Ortega, e o prefeito Junior da Femac (Foto: PMA)<\/p>\n","protected":false},"author":4,"featured_media":27057,"comment_status":"closed","ping_status":"open","sticky":false,"template":"","format":"standard","meta":{"footnotes":""},"categories":[24],"tags":[],"class_list":["post-27053","post","type-post","status-publish","format-standard","has-post-thumbnail","hentry","category-noticias"],"acf":[],"_links":{"self":[{"href":"http:\/\/www.apucarana.pr.gov.br\/site\/wp-json\/wp\/v2\/posts\/27053","targetHints":{"allow":["GET"]}}],"collection":[{"href":"http:\/\/www.apucarana.pr.gov.br\/site\/wp-json\/wp\/v2\/posts"}],"about":[{"href":"http:\/\/www.apucarana.pr.gov.br\/site\/wp-json\/wp\/v2\/types\/post"}],"author":[{"embeddable":true,"href":"http:\/\/www.apucarana.pr.gov.br\/site\/wp-json\/wp\/v2\/users\/4"}],"replies":[{"embeddable":true,"href":"http:\/\/www.apucarana.pr.gov.br\/site\/wp-json\/wp\/v2\/comments?post=27053"}],"version-history":[{"count":1,"href":"http:\/\/www.apucarana.pr.gov.br\/site\/wp-json\/wp\/v2\/posts\/27053\/revisions"}],"predecessor-version":[{"id":100089,"href":"http:\/\/www.apucarana.pr.gov.br\/site\/wp-json\/wp\/v2\/posts\/27053\/revisions\/100089"}],"wp:featuredmedia":[{"embeddable":true,"href":"http:\/\/www.apucarana.pr.gov.br\/site\/wp-json\/"}],"wp:attachment":[{"href":"http:\/\/www.apucarana.pr.gov.br\/site\/wp-json\/wp\/v2\/media?parent=27053"}],"wp:term":[{"taxonomy":"category","embeddable":true,"href":"http:\/\/www.apucarana.pr.gov.br\/site\/wp-json\/wp\/v2\/categories?post=27053"},{"taxonomy":"post_tag","embeddable":true,"href":"http:\/\/www.apucarana.pr.gov.br\/site\/wp-json\/wp\/v2\/tags?post=27053"}],"curies":[{"name":"wp","href":"https:\/\/api.w.org\/{rel}","templated":true}]}}