{"id":2705,"date":"2015-03-31T17:41:00","date_gmt":"2015-03-31T17:41:00","guid":{"rendered":"http:\/\/172.16.0.7\/site-antigo\/?p=2705"},"modified":"2024-10-08T09:10:15","modified_gmt":"2024-10-08T12:10:15","slug":"apucarana-inscreve-ate-domingo-para-o-1-festival-de-musica-mensagem","status":"publish","type":"post","link":"http:\/\/www.apucarana.pr.gov.br\/site\/apucarana-inscreve-ate-domingo-para-o-1-festival-de-musica-mensagem\/","title":{"rendered":"Apucarana inscreve at\u00e9 domingo para o 1\u00aa Festival de M\u00fasica Mensagem"},"content":{"rendered":"<p><p><span style=\"letter-spacing: -0.02em; line-height: 1.45em; background-color: initial;\">Artistas interessados em participar do 1\u00ba Festival de M\u00fasicaMensagem de Apucarana (Femudap), que vai acontecer de 24 a 26 de abril, no Cine Teatro F\u00eanix, t\u00eam at\u00e9 domingo (05\/04) para efetivar inscri\u00e7\u00e3o. Uma promo\u00e7\u00e3o do Setor Juventude da Diocese de Apucarana, com apoio da Secretaria Municipal de Promo\u00e7\u00e3o Art\u00edstica, Cultural e Tur\u00edstica, o evento tem como tema &ldquo;Juventude, F\u00e9 e Sociedade&rdquo; e lema &ldquo;O desafio de ser jovem&rdquo; e j\u00e1 conta com a confirma\u00e7\u00e3o de participantes de Apucarana, Arapongas, Londrina, Maring\u00e1, Curitiba, Corn\u00e9lio Proc\u00f3pio, Sab\u00e1udia, Astorga e de cidades paulistas como Ribeir\u00e3o Preto e Ourinhos.<br \/><\/span><span style=\"letter-spacing: -0.02em; line-height: 1.45em; background-color: initial;\"><br \/>At\u00e9 mesmo um grupo de canto da prov\u00edncia de Imbabura, no Equador, j\u00e1 confirmou inscri\u00e7\u00e3o. &ldquo;Como o regulamento prev\u00ea apenas composi\u00e7\u00f5es de l\u00edngua portuguesa, a organiza\u00e7\u00e3o vai estar se reunindo agora para decidir. O mais prov\u00e1vel \u00e9 de que o grupo participe do festival como convidado, com uma apresenta\u00e7\u00e3o especial dentro da programa\u00e7\u00e3o&rdquo;, esclarece M\u00e1rio Felipe, supervisor-geral do festival.<br \/><\/span><span style=\"letter-spacing: -0.02em; line-height: 1.45em; background-color: initial;\"><br \/>As m\u00fasicas inscritas passar\u00e3o por uma avalia\u00e7\u00e3o pr\u00e9via por parte da comiss\u00e3o julgadora, composta pelo casal de m\u00fasicos Marcos e Cristiane da Matta. &ldquo;Somente as composi\u00e7\u00f5es escolhidas \u00e9 que v\u00e3o para o festival, de 24 a 26 de abril, no Cine F\u00eanix&rdquo;, refor\u00e7a o supervisor-geral.<br \/><\/span><span style=\"letter-spacing: -0.02em; line-height: 1.45em; background-color: initial;\"><br \/>A meta do festival mensagem \u00e9 incentivar a criatividade musical, promover interc&acirc;mbio cultural, al\u00e9m de descobrir e valorizar novos talentos, difundir cultura e trabalho de m\u00fasicos e grupos iniciantes. &ldquo;Poder\u00e3o inscrever-se quaisquer compositores ou int\u00e9rpretes amadores que cumpram as exig\u00eancias do regulamento, sem estar necessariamente ligados \u00e0s institui\u00e7\u00f5es e denomina\u00e7\u00f5es religiosas&rdquo;, informa Maria Agar Borba Ferreira, secret\u00e1ria da Promo\u00e7\u00e3o Art\u00edstica, Cultural e Tur\u00edstica de Apucarana.<br \/><\/span><span style=\"letter-spacing: -0.02em; line-height: 1.45em; background-color: initial;\"><br \/>As m\u00fasicas inscritas dever\u00e3o &ldquo;ser in\u00e9ditas&rdquo; e &ldquo;originais&rdquo; e em l\u00edngua portuguesa. As inscri\u00e7\u00f5es, ao custo de R$30 por m\u00fasica, devem feitas no site da Prefeitura de Apucarana, no endere\u00e7o <\/span><a href=\"http:\/\/www.apucarana.pr.gov.br\/\" style=\"letter-spacing: -0.02em; line-height: 1.45em; background-color: initial;\">www.apucarana.pr.gov.br<\/a><span style=\"letter-spacing: -0.02em; line-height: 1.45em; background-color: initial;\">, local onde tamb\u00e9m est\u00e1 disponibilizado o regulamento geral.<br \/><\/span><span style=\"letter-spacing: -0.02em; line-height: 1.45em; background-color: initial;\"><br \/>Mais informa\u00e7\u00f5es pelos telefones (43) 3423-2944 com a Secretaria Municipal, no (43) 9954-2587 com Fabiana ou (43) 9986-4185 com M\u00e1rio Felipe.<\/span><\/p><\/p>\n","protected":false},"excerpt":{"rendered":"<p>As m&uacute;sicas inscritas passar&atilde;o por uma avalia&ccedil;&atilde;o pr&eacute;via por parte da comiss&atilde;o julgadora<\/p>\n","protected":false},"author":4,"featured_media":0,"comment_status":"closed","ping_status":"closed","sticky":false,"template":"","format":"standard","meta":{"footnotes":""},"categories":[24],"tags":[],"class_list":["post-2705","post","type-post","status-publish","format-standard","hentry","category-noticias"],"acf":[],"_links":{"self":[{"href":"http:\/\/www.apucarana.pr.gov.br\/site\/wp-json\/wp\/v2\/posts\/2705","targetHints":{"allow":["GET"]}}],"collection":[{"href":"http:\/\/www.apucarana.pr.gov.br\/site\/wp-json\/wp\/v2\/posts"}],"about":[{"href":"http:\/\/www.apucarana.pr.gov.br\/site\/wp-json\/wp\/v2\/types\/post"}],"author":[{"embeddable":true,"href":"http:\/\/www.apucarana.pr.gov.br\/site\/wp-json\/wp\/v2\/users\/4"}],"replies":[{"embeddable":true,"href":"http:\/\/www.apucarana.pr.gov.br\/site\/wp-json\/wp\/v2\/comments?post=2705"}],"version-history":[{"count":1,"href":"http:\/\/www.apucarana.pr.gov.br\/site\/wp-json\/wp\/v2\/posts\/2705\/revisions"}],"predecessor-version":[{"id":104175,"href":"http:\/\/www.apucarana.pr.gov.br\/site\/wp-json\/wp\/v2\/posts\/2705\/revisions\/104175"}],"wp:attachment":[{"href":"http:\/\/www.apucarana.pr.gov.br\/site\/wp-json\/wp\/v2\/media?parent=2705"}],"wp:term":[{"taxonomy":"category","embeddable":true,"href":"http:\/\/www.apucarana.pr.gov.br\/site\/wp-json\/wp\/v2\/categories?post=2705"},{"taxonomy":"post_tag","embeddable":true,"href":"http:\/\/www.apucarana.pr.gov.br\/site\/wp-json\/wp\/v2\/tags?post=2705"}],"curies":[{"name":"wp","href":"https:\/\/api.w.org\/{rel}","templated":true}]}}