{"id":2704,"date":"2015-03-31T18:06:59","date_gmt":"2015-03-31T18:06:59","guid":{"rendered":"http:\/\/172.16.0.7\/site-antigo\/?p=2704"},"modified":"2024-10-08T09:10:14","modified_gmt":"2024-10-08T12:10:14","slug":"apucarana-realiza-1-semana-municipal-de-conscientizacao-do-autismo","status":"publish","type":"post","link":"http:\/\/www.apucarana.pr.gov.br\/site\/apucarana-realiza-1-semana-municipal-de-conscientizacao-do-autismo\/","title":{"rendered":"Apucarana realiza 1\u00aa Semana Municipal de Conscientiza\u00e7\u00e3o do Autismo"},"content":{"rendered":"<p><p><span style=\"letter-spacing: -0.02em; line-height: 1.45em; background-color: initial;\">A prefeitura de Apucarana, atrav\u00e9s da Autarquia Municipal de Sa\u00fade (AMS), promove a 1\u00aa Semana Municipal de Conscientiza\u00e7\u00e3o do Autismo com palestras voltadas \u00e0s fam\u00edlias de portadores do transtorno e profissionais da sa\u00fade e educa\u00e7\u00e3o que atuam junto a esse p\u00fablico espec\u00edfico. Na programa\u00e7\u00e3o tamb\u00e9m est\u00e1 inclu\u00edda uma mobiliza\u00e7\u00e3o para popula\u00e7\u00e3o usar roupa azul na semana de 2 a 8 de abril. A sugest\u00e3o se estende para o com\u00e9rcio que est\u00e1 sendo motivado a decorar seus estabelecimentos com cor s\u00edmbolo do autismo, neste per\u00edodo.<\/span><\/p>\n<p>No Dia Mundial do Autismo, na pr\u00f3xima quinta-feira (2), a programa\u00e7\u00e3o ser\u00e1 direcionada aos familiares de pessoas com autismo. Foi agendada uma manh\u00e3 de palestras, a partir das 8 horas, no sal\u00e3o nobre da prefeitura, a cargo da psiquiatra Amanda Minikowski e da psic\u00f3loga Dayene Gatto Alto\u00e9. A atividade ser\u00e1 conclu\u00edda com depoimentos dos pais. <\/p>\n<p>&ldquo;Esperamos 80 fam\u00edlias para este evento. Fizemos um levantamento e convite na rede p\u00fablica e privada de sa\u00fade, bem como nas escolas. A participa\u00e7\u00e3o \u00e9 importante, pois temos o objetivo de criar uma associa\u00e7\u00e3o de autismo. O primeiro passo neste sentido pode ser dado em encontros como esse&rdquo;, diz a coordenadora do departamento de Sa\u00fade Mental, Lilian Ferreira Domingues.<\/p>\n<p>Ainda na quinta-feira, a exemplo do que acontece nos monumentos mais famosos do mundo, a Catedral Nossa Senhora de Lourdes, estar\u00e1 iluminada de azul \u00e0 noite. A cor representa o fato da incid\u00eancia de casos de autismo ser maior entre pessoas do sexo masculino.<\/p>\n<p>A programa\u00e7\u00e3o tem sequ\u00eancia no dia 8 de abril, com mais palestras, desta vez direcionada aos profissionais, em especial da sa\u00fade e educa\u00e7\u00e3o que trabalham com o p\u00fablico de pessoas com autismo. A atividade vai se concentrar entre 8 e 12 horas, no Cine Teatro F\u00eanix, tamb\u00e9m sob a responsabilidade psiquiatra Amanda Minikowski e da psic\u00f3loga Dayene Gatto Alto\u00e9.<\/p>\n<p>A organiza\u00e7\u00e3o Mundial da Sa\u00fade estima que existam 70 milh\u00f5es de pessoas com autismo no mundo, sendo 2 milh\u00f5es no Brasil. No CAPS i, de Apucarana, s\u00e3o atendidos 20 crian\u00e7as e adolescentes com o transtorno, mas a estimativa \u00e9 de que haja pelo menos 80 casos no munic\u00edpio, incluindo os atendidos pela rede privada de sa\u00fade e pela APAE. &ldquo;N\u00e3o h\u00e1 causa \u00fanica definida, mas existe a heran\u00e7a gen\u00e9tica, bem como fatores ambientais que propiciam o aparecimento do quadro&rdquo;, informa a psiquiatra do CPAS i, Amanda Minikowski.<\/p>\n<p>O transtorno \u00e9 uma condi\u00e7\u00e3o geral para um grupo de desordens complexas de desenvolvimento do c\u00e9rebro, antes, durante, ou logo ap\u00f3s o nascimento. As caracter\u00edsticas centrais s\u00e3o altera\u00e7\u00f5es de comunica\u00e7\u00e3o verbas e n\u00e3o verbal, de intera\u00e7\u00e3o social e comportamentos restritos e repetitivos. O autismo n\u00e3o tem cura, mas h\u00e1 tratamento que envolve uma equipe multiprofissional. &ldquo;Campanhas como essa, voltada \u00e0 conscientiza\u00e7\u00e3o e sensibiliza\u00e7\u00e3o, visam ajudar no diagn\u00f3stico precoce do transtorno e conseq&uuml;ente interven\u00e7\u00e3o com o tratamento adequado&rdquo;, observa Amanda. <\/p>\n<p><\/p>\n","protected":false},"excerpt":{"rendered":"<p>Programa&ccedil;&atilde;o envolve palestras para familiares e profissionais da sa&uacute;de, entre outras atividades<\/p>\n","protected":false},"author":4,"featured_media":0,"comment_status":"closed","ping_status":"closed","sticky":false,"template":"","format":"standard","meta":{"footnotes":""},"categories":[24],"tags":[],"class_list":["post-2704","post","type-post","status-publish","format-standard","hentry","category-noticias"],"acf":[],"_links":{"self":[{"href":"http:\/\/www.apucarana.pr.gov.br\/site\/wp-json\/wp\/v2\/posts\/2704","targetHints":{"allow":["GET"]}}],"collection":[{"href":"http:\/\/www.apucarana.pr.gov.br\/site\/wp-json\/wp\/v2\/posts"}],"about":[{"href":"http:\/\/www.apucarana.pr.gov.br\/site\/wp-json\/wp\/v2\/types\/post"}],"author":[{"embeddable":true,"href":"http:\/\/www.apucarana.pr.gov.br\/site\/wp-json\/wp\/v2\/users\/4"}],"replies":[{"embeddable":true,"href":"http:\/\/www.apucarana.pr.gov.br\/site\/wp-json\/wp\/v2\/comments?post=2704"}],"version-history":[{"count":1,"href":"http:\/\/www.apucarana.pr.gov.br\/site\/wp-json\/wp\/v2\/posts\/2704\/revisions"}],"predecessor-version":[{"id":104174,"href":"http:\/\/www.apucarana.pr.gov.br\/site\/wp-json\/wp\/v2\/posts\/2704\/revisions\/104174"}],"wp:attachment":[{"href":"http:\/\/www.apucarana.pr.gov.br\/site\/wp-json\/wp\/v2\/media?parent=2704"}],"wp:term":[{"taxonomy":"category","embeddable":true,"href":"http:\/\/www.apucarana.pr.gov.br\/site\/wp-json\/wp\/v2\/categories?post=2704"},{"taxonomy":"post_tag","embeddable":true,"href":"http:\/\/www.apucarana.pr.gov.br\/site\/wp-json\/wp\/v2\/tags?post=2704"}],"curies":[{"name":"wp","href":"https:\/\/api.w.org\/{rel}","templated":true}]}}