{"id":27038,"date":"2019-10-04T17:04:27","date_gmt":"2019-10-04T20:04:27","guid":{"rendered":"http:\/\/172.16.0.7\/site-antigo\/?p=27038"},"modified":"2024-10-08T09:19:49","modified_gmt":"2024-10-08T12:19:49","slug":"mais-de-10-mil-prestigiam-abertura-da-festa-do-cafe","status":"publish","type":"post","link":"http:\/\/www.apucarana.pr.gov.br\/site\/mais-de-10-mil-prestigiam-abertura-da-festa-do-cafe\/","title":{"rendered":"Mais de 10 mil prestigiam abertura da Festa do Caf\u00e9"},"content":{"rendered":"<p>O primeiro dia da 15\u00ba Festa do Caf\u00e9 de Apucarana, que teve in\u00edcio na noite desta quinta-feira e segue at\u00e9 este s\u00e1bado (05\/10), no Distrito de Pirap\u00f3, reuniu mais de 10 mil pessoas. Al\u00e9m de exposi\u00e7\u00e3o de maquin\u00e1rios agr\u00edcolas, feira de hortifruti e de produtos org\u00e2nicos, o grande p\u00fablico &#8211; que surpreendeu at\u00e9 mesmo as expectativas da organiza\u00e7\u00e3o &#8211; pode aproveitar das diversas op\u00e7\u00f5es gastron\u00f4micas da pra\u00e7a de alimenta\u00e7\u00e3o e, ao final da noite, acompanhar gratuitamente o show do cantor sertanejo Loubet.<br \/>\nO prefeito J\u00fanior da Femac lembra que a festa \u00e9 uma realiza\u00e7\u00e3o da prefeitura, em parceria com a Cooperativa dos Cafeicultores de Apucarana\/Pirap\u00f3, e apoio do Instituto Paranaense de Assist\u00eancia T\u00e9cnica e Extens\u00e3o Rural (Emater) e da Universidade Estadual de Maring\u00e1 (UEM). \u201cDiante do crescimento da atra\u00e7\u00e3o, que neste ano completa 15 anos, as atividades est\u00e3o acontecendo em novo local, em \u00e1rea pr\u00f3xima \u00e0 pra\u00e7a da entrada do distrito. Um espa\u00e7o muito bom, que comportou muito bem o grande p\u00fablico da abertura\u201d, destaca o prefeito, frisando que se trata de uma festa familiar que cresce a cada ano.<br \/>\nA programa\u00e7\u00e3o festiva tem sequ\u00eancia neste s\u00e1bado (05\/10), com as atividades iniciando \u00e0s 11 horas, com pra\u00e7a de alimenta\u00e7\u00e3o, roda de viola, degusta\u00e7\u00e3o de caf\u00e9s e show de talentos. \u201cA partir das 22 horas, a 15\u00aa Festa do Caf\u00e9 de Apucarana ser\u00e1 encerrada com show do Trio Bravana\u201d, convida o prefeito J\u00fanior da Femac. <\/p>\n","protected":false},"excerpt":{"rendered":"<p>Atra\u00e7\u00e3o segue at\u00e9 este s\u00e1bado com exposi\u00e7\u00e3o de maquin\u00e1rios agr\u00edcolas, feira de hortifruti e de produtos org\u00e2nicos, da pra\u00e7a de alimenta\u00e7\u00e3o e shows musicais gratuitos (Foto: PMA)<\/p>\n","protected":false},"author":4,"featured_media":27049,"comment_status":"closed","ping_status":"open","sticky":false,"template":"","format":"standard","meta":{"footnotes":""},"categories":[24],"tags":[],"class_list":["post-27038","post","type-post","status-publish","format-standard","has-post-thumbnail","hentry","category-noticias"],"acf":[],"_links":{"self":[{"href":"http:\/\/www.apucarana.pr.gov.br\/site\/wp-json\/wp\/v2\/posts\/27038","targetHints":{"allow":["GET"]}}],"collection":[{"href":"http:\/\/www.apucarana.pr.gov.br\/site\/wp-json\/wp\/v2\/posts"}],"about":[{"href":"http:\/\/www.apucarana.pr.gov.br\/site\/wp-json\/wp\/v2\/types\/post"}],"author":[{"embeddable":true,"href":"http:\/\/www.apucarana.pr.gov.br\/site\/wp-json\/wp\/v2\/users\/4"}],"replies":[{"embeddable":true,"href":"http:\/\/www.apucarana.pr.gov.br\/site\/wp-json\/wp\/v2\/comments?post=27038"}],"version-history":[{"count":1,"href":"http:\/\/www.apucarana.pr.gov.br\/site\/wp-json\/wp\/v2\/posts\/27038\/revisions"}],"predecessor-version":[{"id":100090,"href":"http:\/\/www.apucarana.pr.gov.br\/site\/wp-json\/wp\/v2\/posts\/27038\/revisions\/100090"}],"wp:featuredmedia":[{"embeddable":true,"href":"http:\/\/www.apucarana.pr.gov.br\/site\/wp-json\/"}],"wp:attachment":[{"href":"http:\/\/www.apucarana.pr.gov.br\/site\/wp-json\/wp\/v2\/media?parent=27038"}],"wp:term":[{"taxonomy":"category","embeddable":true,"href":"http:\/\/www.apucarana.pr.gov.br\/site\/wp-json\/wp\/v2\/categories?post=27038"},{"taxonomy":"post_tag","embeddable":true,"href":"http:\/\/www.apucarana.pr.gov.br\/site\/wp-json\/wp\/v2\/tags?post=27038"}],"curies":[{"name":"wp","href":"https:\/\/api.w.org\/{rel}","templated":true}]}}