{"id":27033,"date":"2019-10-04T16:32:19","date_gmt":"2019-10-04T19:32:19","guid":{"rendered":"http:\/\/172.16.0.7\/site-antigo\/?p=27033"},"modified":"2024-10-08T09:19:49","modified_gmt":"2024-10-08T12:19:49","slug":"vacinacao-contra-o-sarampo-tem-inicio-nesta-segunda-feira","status":"publish","type":"post","link":"http:\/\/www.apucarana.pr.gov.br\/site\/vacinacao-contra-o-sarampo-tem-inicio-nesta-segunda-feira\/","title":{"rendered":"Vacina\u00e7\u00e3o contra o sarampo tem in\u00edcio nesta segunda-feira"},"content":{"rendered":"<p>Crian\u00e7as a partir dos seis meses de idade at\u00e9 cinco anos incompletos devem ser levadas \u00e0s unidades b\u00e1sicas de sa\u00fade para serem imunizadas contra o sarampo. A campanha nacional de vacina\u00e7\u00e3o contra a doen\u00e7a, promovida pelo Governo Federal com aux\u00edlio das secretarias de Estado da Sa\u00fade e prefeituras, tem in\u00edcio nesta segunda-feira (07\/10) e segue at\u00e9 o dia 25 de outubro.<br \/>\nO prefeito J\u00fanior da Femac informa que em Apucarana as doses da vacina tr\u00edplice viral, que tamb\u00e9m protege contra caxumba e rub\u00e9ola, estar\u00e3o dispon\u00edveis em 24 unidades de sa\u00fade que disp\u00f5em de sala de vacinas. \u201cO sarampo \u00e9 uma doen\u00e7a muito perigosa e se n\u00e3o tratada pode deixar graves sequelas e at\u00e9 levar a pessoa \u00e0 morte, por isso pedimos a todos os pais ou respons\u00e1veis por crian\u00e7as na faixa et\u00e1ria da campanha que pratiquem este ato de cuidado e amor, procurando uma unidade de vacina\u00e7\u00e3o o quanto antes\u201d, pede o prefeito, salientando a import\u00e2ncia de se levar a caderneta de vacinas do paciente. \u201cOs pontos de vacina\u00e7\u00e3o v\u00e3o funcionar das 8 \u00e0s 16h30, de segunda a sexta-feira\u201d, orienta J\u00fanior da Femac<br \/>\nCaso a crian\u00e7a j\u00e1 tenha tomado a dose da vacina em outro momento ou j\u00e1 tenha contra\u00eddo o sarampo, n\u00e3o \u00e9 preciso ser vacinada. \u201cO Brasil j\u00e1 teve o selo de erradica\u00e7\u00e3o da doen\u00e7a, mas recentemente tivemos a reintrodu\u00e7\u00e3o do v\u00edrus no territ\u00f3rio nacional. Com isso, as autoridades em sa\u00fade est\u00e3o refor\u00e7ando a vigil\u00e2ncia para evitar problemas maiores e erradicar novamente esta doen\u00e7a do pa\u00eds\u201d, informa Luciano Pereira da Silva, coordenador da Divis\u00e3o de Epidemiologia da Autarquia Municipal de Sa\u00fade de Apucarana (AMS).<br \/>\nDe acordo com um boletim epidemiol\u00f3gico divulgado pelo Minist\u00e9rio da Sa\u00fade em setembro, foram confirmados 5.346 casos de sarampo no Brasil. A maior parte dos diagn\u00f3sticos est\u00e1 concentrada em 153 munic\u00edpios de S\u00e3o Paulo (97,5%), principalmente na regi\u00e3o metropolitana. Ainda assim, o n\u00famero de estados com transmiss\u00e3o ativa da doen\u00e7a j\u00e1 chega a 17, o que refor\u00e7a a import\u00e2ncia de uma campanha de vacina\u00e7\u00e3o por todo o pa\u00eds. \u201cO estado de S\u00e3o Paulo, nosso vizinho, encara uma situa\u00e7\u00e3o bastante grave, com 9 \u00f3bitos j\u00e1 registrados. Por esta proximidade, temos que ficar ainda mais alertas para o perigo, da\u00ed a import\u00e2ncia da imuniza\u00e7\u00e3o\u201d, refor\u00e7a Silva.<br \/>\nApucarana ainda n\u00e3o registrou nenhum caso e, o Paran\u00e1, contabiliza 59 ocorr\u00eancias at\u00e9 o momento. \u201cO sarampo tamb\u00e9m acomete adultos, por isto o Governo Federal j\u00e1 articula, para novembro, uma campanha nacional para vacinar pessoas entre 20 e 29 anos de idade\u201d, comunica o coordenador epidemiol\u00f3gico.<br \/>\nA doen\u00e7a \u2013 Altamente contagioso, o sarampo \u00e9 transmitido atrav\u00e9s do contato com got\u00edculas do nariz, da boca ou da garganta da pessoa infectada, quando ela tosse, espirra e respira. A partir dos primeiros sintomas, \u00e9 primordial que a pessoa seja levada o mais r\u00e1pido poss\u00edvel para um diagn\u00f3stico m\u00e9dico. \u201cOs sintomas do sarampo aparecem apenas de 10 a 14 dias ap\u00f3s a exposi\u00e7\u00e3o. Eles incluem tosse, coriza, olhos inflamados, dor de garganta, febre e irrita\u00e7\u00e3o na pele com manchas vermelhas\u201d, explica Luciano Pereira da Silva, coordenador da Divis\u00e3o de Epidemiologia da AMS. <\/p>\n","protected":false},"excerpt":{"rendered":"<p>Doses da vacina tr\u00edplice viral, que tamb\u00e9m protege contra caxumba e rub\u00e9ola, estar\u00e3o dispon\u00edveis em 24 unidades de sa\u00fade entre segunda-feira e dia 25 de outubro. Meta \u00e9 imunizar crian\u00e7as com idades entre seis meses e cinco anos incompletos (Foto: PMA)<\/p>\n","protected":false},"author":4,"featured_media":27035,"comment_status":"closed","ping_status":"open","sticky":false,"template":"","format":"standard","meta":{"footnotes":""},"categories":[24],"tags":[],"class_list":["post-27033","post","type-post","status-publish","format-standard","has-post-thumbnail","hentry","category-noticias"],"acf":[],"_links":{"self":[{"href":"http:\/\/www.apucarana.pr.gov.br\/site\/wp-json\/wp\/v2\/posts\/27033","targetHints":{"allow":["GET"]}}],"collection":[{"href":"http:\/\/www.apucarana.pr.gov.br\/site\/wp-json\/wp\/v2\/posts"}],"about":[{"href":"http:\/\/www.apucarana.pr.gov.br\/site\/wp-json\/wp\/v2\/types\/post"}],"author":[{"embeddable":true,"href":"http:\/\/www.apucarana.pr.gov.br\/site\/wp-json\/wp\/v2\/users\/4"}],"replies":[{"embeddable":true,"href":"http:\/\/www.apucarana.pr.gov.br\/site\/wp-json\/wp\/v2\/comments?post=27033"}],"version-history":[{"count":1,"href":"http:\/\/www.apucarana.pr.gov.br\/site\/wp-json\/wp\/v2\/posts\/27033\/revisions"}],"predecessor-version":[{"id":100091,"href":"http:\/\/www.apucarana.pr.gov.br\/site\/wp-json\/wp\/v2\/posts\/27033\/revisions\/100091"}],"wp:featuredmedia":[{"embeddable":true,"href":"http:\/\/www.apucarana.pr.gov.br\/site\/wp-json\/"}],"wp:attachment":[{"href":"http:\/\/www.apucarana.pr.gov.br\/site\/wp-json\/wp\/v2\/media?parent=27033"}],"wp:term":[{"taxonomy":"category","embeddable":true,"href":"http:\/\/www.apucarana.pr.gov.br\/site\/wp-json\/wp\/v2\/categories?post=27033"},{"taxonomy":"post_tag","embeddable":true,"href":"http:\/\/www.apucarana.pr.gov.br\/site\/wp-json\/wp\/v2\/tags?post=27033"}],"curies":[{"name":"wp","href":"https:\/\/api.w.org\/{rel}","templated":true}]}}