{"id":2702,"date":"2015-03-31T16:59:00","date_gmt":"2015-03-31T16:59:00","guid":{"rendered":"http:\/\/172.16.0.7\/site-antigo\/?p=2702"},"modified":"2024-10-08T09:10:15","modified_gmt":"2024-10-08T12:10:15","slug":"ultimo-dia-do-refis-atrai-grande-numero-de-contribuintes","status":"publish","type":"post","link":"http:\/\/www.apucarana.pr.gov.br\/site\/ultimo-dia-do-refis-atrai-grande-numero-de-contribuintes\/","title":{"rendered":"&#218;ltimo dia do &#8220;Refis&#8221; atrai grande n\u00famero de contribuintes"},"content":{"rendered":"<\/p>\n<p><span style=\"letter-spacing: -0.02em; line-height: 1.45em; background-color: initial;\">A unidade especial de plant\u00e3o para renegocia\u00e7\u00e3o de impostos municipais em atraso, mantida pela Secretaria da Fazenda de Apucarana junto \u00e0 Avenida Curitiba, na Barra Funda, recebeu entre segunda e ter\u00e7a-feira (30 e 31\/03) cerca de 400 contribuintes. O movimento maior foi registrado nesta ter\u00e7a, quando se esgotou tanto o prazo para aderir ao Refis (programa de recupera\u00e7\u00e3o fiscal), v\u00e1lido para acerto de pend\u00eancias at\u00e9 o exerc\u00edcio de 2013 com IPTU, alvar\u00e1s e contribui\u00e7\u00e3o de melhoria (asfalto), quanto para o pagamento do IPTU em atraso referente ao exerc\u00edcio de 2014. Segundo estimativa da Superintend\u00eancia de Tributa\u00e7\u00e3o, os valores renegociados atrav\u00e9s do Refis s\u00f3 poder\u00e3o ser conhecidos a partir desta quarta-feira, mas a expectativa \u00e9 de que o montante chega a R$3 milh\u00f5es.<br \/><\/span><span style=\"letter-spacing: -0.02em; line-height: 1.45em; background-color: initial;\"><br \/>&ldquo;Quero agradecer a todos os apucaranenses que aproveitaram essas novas oportunidades de pagamento. Estando quites com o fisco municipal, est\u00e3o contribuindo diretamente para a constru\u00e7\u00e3o da Apucarana que queremos, ou seja, com mais obras e servi\u00e7os p\u00fablicos de qualidade&rdquo;, destacou o prefeito Beto Preto (PT).<br \/><\/span><span style=\"letter-spacing: -0.02em; line-height: 1.45em; background-color: initial;\"><br \/>Somente em IPTU em atraso referente a 2014, o secret\u00e1rio Marcello Augusto Machado, estimou que a prefeitura tinha a receber cerca de R$5,5 milh\u00f5es. Mais de 15 mil, de um total de 53 mil contribuintes, deixaram de pagar o imposto no \u00faltimo ano. Com rela\u00e7\u00e3o ao &ldquo;Refis&rdquo;, o atrativo maior foi a concess\u00e3o, mediante lei municipal, de desconto de at\u00e9 100% dos juros e multas, dependendo a op\u00e7\u00e3o de pagamento feita pelo contribuinte.<br \/><\/span><span style=\"letter-spacing: -0.02em; line-height: 1.45em; background-color: initial;\"><br \/><b>IPTU 2015 <\/b><\/span><span style=\"letter-spacing: -0.02em; line-height: 1.45em; background-color: initial;\">&ndash; Os carn\u00eas do IPTU 2015 devem come\u00e7ar a chegar nas casas dos contribuintes, com endere\u00e7o atualizado junto \u00e0 prefeitura, j\u00e1 neste m\u00eas de abril. Assim como no ano passado, est\u00e3o sendo emitidos cerca de 53 mil documentos. A data de vencimento e o valor do desconto para pagamento \u00e0 vista ainda est\u00e3o sendo definidos pela prefeitura. A novidade deste ano \u00e9 que o pagamento do imposto poder\u00e1 ser feita em toda a rede banc\u00e1ria. Mais informa\u00e7\u00f5es pelo telefone 3422-4000.<\/span><\/p><\/p>\n","protected":false},"excerpt":{"rendered":"<p>O movimento maior foi registrado nesta ter&ccedil;a, quando se esgotou tanto o prazo para aderir ao Refis, quanto para o pagamento do IPTU em atraso referente ao exerc&iacute;cio de 2014<\/p>\n","protected":false},"author":4,"featured_media":0,"comment_status":"closed","ping_status":"closed","sticky":false,"template":"","format":"standard","meta":{"footnotes":""},"categories":[24],"tags":[],"class_list":["post-2702","post","type-post","status-publish","format-standard","hentry","category-noticias"],"acf":[],"_links":{"self":[{"href":"http:\/\/www.apucarana.pr.gov.br\/site\/wp-json\/wp\/v2\/posts\/2702","targetHints":{"allow":["GET"]}}],"collection":[{"href":"http:\/\/www.apucarana.pr.gov.br\/site\/wp-json\/wp\/v2\/posts"}],"about":[{"href":"http:\/\/www.apucarana.pr.gov.br\/site\/wp-json\/wp\/v2\/types\/post"}],"author":[{"embeddable":true,"href":"http:\/\/www.apucarana.pr.gov.br\/site\/wp-json\/wp\/v2\/users\/4"}],"replies":[{"embeddable":true,"href":"http:\/\/www.apucarana.pr.gov.br\/site\/wp-json\/wp\/v2\/comments?post=2702"}],"version-history":[{"count":1,"href":"http:\/\/www.apucarana.pr.gov.br\/site\/wp-json\/wp\/v2\/posts\/2702\/revisions"}],"predecessor-version":[{"id":104176,"href":"http:\/\/www.apucarana.pr.gov.br\/site\/wp-json\/wp\/v2\/posts\/2702\/revisions\/104176"}],"wp:attachment":[{"href":"http:\/\/www.apucarana.pr.gov.br\/site\/wp-json\/wp\/v2\/media?parent=2702"}],"wp:term":[{"taxonomy":"category","embeddable":true,"href":"http:\/\/www.apucarana.pr.gov.br\/site\/wp-json\/wp\/v2\/categories?post=2702"},{"taxonomy":"post_tag","embeddable":true,"href":"http:\/\/www.apucarana.pr.gov.br\/site\/wp-json\/wp\/v2\/tags?post=2702"}],"curies":[{"name":"wp","href":"https:\/\/api.w.org\/{rel}","templated":true}]}}