{"id":2701,"date":"2015-03-31T12:44:00","date_gmt":"2015-03-31T12:44:00","guid":{"rendered":"http:\/\/172.16.0.7\/site-antigo\/?p=2701"},"modified":"2024-10-08T09:10:15","modified_gmt":"2024-10-08T12:10:15","slug":"feira-solidaria-e-acao-de-cidadania-encerram-o-mes-da-mulher","status":"publish","type":"post","link":"http:\/\/www.apucarana.pr.gov.br\/site\/feira-solidaria-e-acao-de-cidadania-encerram-o-mes-da-mulher\/","title":{"rendered":"Feira solid\u00e1ria e a\u00e7\u00e3o de cidadania encerram o m\u00eas da mulher"},"content":{"rendered":"<p><span style=\"letter-spacing: -0.02em; line-height: 1.45em; background-color: initial;\">A programa\u00e7\u00e3o alusiva ao m\u00eas da mulher em Apucarana est\u00e1 sendo encerrada nesta ter\u00e7a-feira (31\/03) com duas atividades. Na Pra\u00e7a Valmor Santos Giavarina, ocorre ao longo do dia a Feira da Economia Solid\u00e1ria e, \u00e0 noite, a partir das 18h30, est\u00e1 prevista uma a\u00e7\u00e3o de cidadania e beleza, no Centro de Atendimento \u00e0 Mulher (CAM), localizado no Jardim Am\u00e9rica. As atividades, que se estenderam ao longo do m\u00eas, foram uma oportunidade para mostrar o leque de servi\u00e7os, integrar ainda mais as mulheres e para lan\u00e7ar novas a\u00e7\u00f5es que ser\u00e3o consolidadas posteriormente.<br \/><\/span><span style=\"letter-spacing: -0.02em; line-height: 1.45em; background-color: initial;\"><br \/>A secret\u00e1ria municipal da Mulher e Assuntos da Fam\u00edlia, Denise Canesin Machado, lembra que uma extensa programa\u00e7\u00e3o foi definida para marcar o Dia Internacional da Mulher, comemorado em 8 de mar\u00e7o. Entre as atividades que ocorreram ao longo do m\u00eas, Denise destaca a caminhada pelas ruas centrais da cidade, a palestra de sensibiliza\u00e7\u00e3o visando \u00e0 constru\u00e7\u00e3o do Plano Municipal de Pol\u00edticas para as Mulheres, manuten\u00e7\u00e3o de oficinas de p\u00e1scoa para as crian\u00e7as no CentroNorte Shopping Center, lan\u00e7amento do Projeto o Luxo do Lixo junto aos cooperados da Coocap e o Projeto Sa\u00fade no Prato que levou orienta\u00e7\u00f5es sobre alimenta\u00e7\u00e3o saud\u00e1vel para as fam\u00edlias.<br \/><\/span><span style=\"letter-spacing: -0.02em; line-height: 1.45em; background-color: initial;\"><br \/>&ldquo;Foi uma programa\u00e7\u00e3o muito produtiva e uma oportunidade para firmar novas parcerias que contribuir\u00e3o com as pol\u00edticas p\u00fablicas que j\u00e1 est\u00e3o sendo desenvolvidas. Tamb\u00e9m pudemos fazer uma reflex\u00e3o sobre os principais desafios e conquistas, al\u00e9m de divulgar os servi\u00e7os mantidos no munic\u00edpio, seja na defesa de direitos, de valoriza\u00e7\u00e3o da mulher ou na promo\u00e7\u00e3o da cidadania&rdquo;, avalia Denise, lembrando que tamb\u00e9m fizeram parte da programa\u00e7\u00e3o do m\u00eas da mulher palestras e rodas de conversa, feira baby da economia solid\u00e1ria, workshop de automaquiagem, encontro de espiritualidade, bingo solid\u00e1rio e oficinas de confec\u00e7\u00e3o. <br \/><\/span><span style=\"letter-spacing: -0.02em; line-height: 1.45em; background-color: initial;\"><br \/><b>FEIRA SOLID&Aacute;RIA <\/b><\/span><span style=\"letter-spacing: -0.02em; line-height: 1.45em; background-color: initial;\">&ndash; Quem passou nesta ter\u00e7a-feira pela Pra\u00e7a Valmor Santos Giavarina p&ocirc;de conhecer e adquirir uma variedade de itens produzidos pela rede de mulheres solid\u00e1rias. A feira contou at\u00e9 com um espa\u00e7o na \u00e1rea da est\u00e9tica e beleza, oferecendo servi\u00e7os de design de sobrancelha e corte de cabelo. &ldquo;A Secretaria da Mulher e Assuntos da Fam\u00edlia atua em diversos eixos tem\u00e1ticos. O trabalho da rede de mulheres solid\u00e1rias \u00e9 um exemplo que abrange o eixo da autonomia financeira e a gera\u00e7\u00e3o de renda&rdquo;, cita Denise.<br \/><\/span><span style=\"letter-spacing: -0.02em; line-height: 1.45em; background-color: initial;\"><br \/>De acordo com Terezinha Elizabete Berton Pereira (Bete Berton), supervisora do Programa de Economia Solid\u00e1ria e Protagonismo Feminino, a feira ofereceu ainda espa\u00e7os para comercializa\u00e7\u00e3o de plantas medicinais e ornamentais, arte em croch\u00ea e confec\u00e7\u00e3o, tiaras, chinelos bordados, cestaria para a P\u00e1scoa, produtos da linha baby e sabonetes artesanais, al\u00e9m de p\u00e3es caseiros, empadas, panquecas, past\u00e9is e espetinhos. &ldquo;A rede de mulheres solid\u00e1rias conta com mais de 100 integrantes e a meta \u00e9 chegar a 300 at\u00e9 o ano que vem, existem atualmente 30 empreendimentos solid\u00e1rios que t\u00eam a participa\u00e7\u00e3o de mulheres oriundas de mais de 40 bairros&rdquo;, frisa Bete Berton, citando ainda a parceria com diversas institui\u00e7\u00f5es, como Sebrae, FAP, Fecea, Banco do Brasil, UTFPR e Facnopar.<br \/><\/span><span style=\"letter-spacing: -0.02em; line-height: 1.45em; background-color: initial;\"><br \/><b>CIDADANIA &ndash;<\/b><\/span><span style=\"letter-spacing: -0.02em; line-height: 1.45em; background-color: initial;\"> A \u00faltima atividade alusiva ao m\u00eas da mulher acontece \u00e0s 18h30, no Centro de Atendimento \u00e0 Mulher (CAM), no Jardim Am\u00e9rica. &ldquo;Ser\u00e1 uma atividade no eixo de empoderamento, enfrentamento das viol\u00eancias e direitos violados. Estar\u00e1 presente toda a nossa equipe, como psic\u00f3loga, assistente social e advogada, que apresentar\u00e1 os tipos de viol\u00eancia e os servi\u00e7os dispon\u00edveis. Ser\u00e3o veiculados v\u00eddeos motivacionais e haver\u00e1 ainda uma \u00e1rea de beleza e outra destinada para as crian\u00e7as&rdquo;, observa Denise Canesin Machado, secret\u00e1ria municipal da Mulher e Assuntos da Fam\u00edlia.<br \/><\/span><span style=\"letter-spacing: -0.02em; line-height: 1.45em; background-color: initial;\"><br \/><b>DESDOBRAMENTOS<\/b><\/span><b style=\"letter-spacing: -0.02em; line-height: 1.45em; background-color: initial;\">&ndash;<\/b><span style=\"letter-spacing: -0.02em; line-height: 1.45em; background-color: initial;\"> Conforme a secret\u00e1ria, v\u00e1rias a\u00e7\u00f5es tiveram in\u00edcio durante a programa\u00e7\u00e3o comemorativa e ter\u00e3o desdobramentos ao longo do ano. Como exemplo, ela cita a sensibiliza\u00e7\u00e3o em torno do Plano Municipal de Pol\u00edticas para as Mulheres. &ldquo;Sempre buscando a transversalidade, vamos formar agora comiss\u00f5es de avalia\u00e7\u00e3o, dialogando com as diversas secretarias e identificando servi\u00e7os que tenham em comum a tem\u00e1tica mulher&rdquo;, explica Denise.<br \/><\/span><span style=\"letter-spacing: -0.02em; line-height: 1.45em; background-color: initial;\"><br \/>Outra a\u00e7\u00e3o que ter\u00e1 desdobramentos \u00e9 o Projeto o Luxo do Lixo, direcionada para as mulheres da Cooperativa dos Catadores de Materiais Recicl\u00e1veis de Apucarana (Cocap). &ldquo;O projeto foi lan\u00e7ado com um caf\u00e9 da tarde e agora no m\u00eas de abril iniciaremos os encontros de capacita\u00e7\u00e3o. O principal objetivo \u00e9 transformar os materiais recicl\u00e1veis em objetos utilit\u00e1rios e decorativos&rdquo;, afirma Denise, lembrando ainda que o Projeto Sa\u00fade no Prato tamb\u00e9m ter\u00e1 continuidade. &ldquo;Levamos a atividade ao Centro de Oficinas da Mulher e aos distritos de S\u00e3o Domingos e S\u00e3o Pedro do Taquara. Agora, levar o projeto para outras regi\u00f5es da cidade&rdquo;, finaliza Denise, salientando que o m\u00eas da mulher \u00e9 um momento para mostrar o leque de servi\u00e7os, integrar ainda mais as mulheres e para lan\u00e7ar novas a\u00e7\u00f5es que ser\u00e3o consolidadas posteriormente.<\/span><\/p>\n","protected":false},"excerpt":{"rendered":"<p>Programa&ccedil;&atilde;o foi uma oportunidade para firmar novas parcerias e consolidar pol&iacute;ticas p&uacute;blicas <\/p>\n","protected":false},"author":4,"featured_media":0,"comment_status":"closed","ping_status":"closed","sticky":false,"template":"","format":"standard","meta":{"footnotes":""},"categories":[24],"tags":[],"class_list":["post-2701","post","type-post","status-publish","format-standard","hentry","category-noticias"],"acf":[],"_links":{"self":[{"href":"http:\/\/www.apucarana.pr.gov.br\/site\/wp-json\/wp\/v2\/posts\/2701","targetHints":{"allow":["GET"]}}],"collection":[{"href":"http:\/\/www.apucarana.pr.gov.br\/site\/wp-json\/wp\/v2\/posts"}],"about":[{"href":"http:\/\/www.apucarana.pr.gov.br\/site\/wp-json\/wp\/v2\/types\/post"}],"author":[{"embeddable":true,"href":"http:\/\/www.apucarana.pr.gov.br\/site\/wp-json\/wp\/v2\/users\/4"}],"replies":[{"embeddable":true,"href":"http:\/\/www.apucarana.pr.gov.br\/site\/wp-json\/wp\/v2\/comments?post=2701"}],"version-history":[{"count":1,"href":"http:\/\/www.apucarana.pr.gov.br\/site\/wp-json\/wp\/v2\/posts\/2701\/revisions"}],"predecessor-version":[{"id":104178,"href":"http:\/\/www.apucarana.pr.gov.br\/site\/wp-json\/wp\/v2\/posts\/2701\/revisions\/104178"}],"wp:attachment":[{"href":"http:\/\/www.apucarana.pr.gov.br\/site\/wp-json\/wp\/v2\/media?parent=2701"}],"wp:term":[{"taxonomy":"category","embeddable":true,"href":"http:\/\/www.apucarana.pr.gov.br\/site\/wp-json\/wp\/v2\/categories?post=2701"},{"taxonomy":"post_tag","embeddable":true,"href":"http:\/\/www.apucarana.pr.gov.br\/site\/wp-json\/wp\/v2\/tags?post=2701"}],"curies":[{"name":"wp","href":"https:\/\/api.w.org\/{rel}","templated":true}]}}