{"id":27003,"date":"2019-10-04T12:06:18","date_gmt":"2019-10-04T15:06:18","guid":{"rendered":"http:\/\/172.16.0.7\/site-antigo\/?p=27003"},"modified":"2024-10-08T09:19:50","modified_gmt":"2024-10-08T12:19:50","slug":"deputado-jacovos-destina-mais-de-r-15-milhao-para-apucarana","status":"publish","type":"post","link":"http:\/\/www.apucarana.pr.gov.br\/site\/deputado-jacovos-destina-mais-de-r-15-milhao-para-apucarana\/","title":{"rendered":"Deputado Jacov\u00f3s destina mais de R$ 1,5 milh\u00e3o para Apucarana"},"content":{"rendered":"<p>O deputado estadual Jos\u00e9 Aparecido Jacov\u00f3s anunciou, nesta sexta-feira (04\/10), ao\u00a0 prefeito Junior da Femac a libera\u00e7\u00e3o de\u00a0 mais de R$ 1,5 milh\u00e3o para Apucarana. Os recursos ser\u00e3o destinados para a Autarquia Municipal de Sa\u00fade, Hospital da Provid\u00eancia, para a aquisi\u00e7\u00e3o de ve\u00edculos na \u00e1rea da seguran\u00e7a p\u00fablica e para a castra\u00e7\u00e3o de c\u00e3es que perambulam pelas ruas da cidade.<br \/>\nO ato ocorreu no gabinete municipal e foi prestigiado pela c\u00fapula da seguran\u00e7a p\u00fablica, contando com a presen\u00e7a do major Roberto Cardoso, comandante do 10\u00ba Batalh\u00e3o de Pol\u00edcia Militar (BPM), do delegado Marcos Rodrigues, chefe da 17\u00aa Subdivis\u00e3o Policial (SDP) e do major Andr\u00e9 Lopes, comandante do 11\u00ba Grupamento do Corpo de Bombeiros. Tamb\u00e9m estiveram presentes Em\u00eddio Bachiega, vice-presidente da Autarquia Municipal de Sa\u00fade (AMS), e a irm\u00e3 Geovana Ramos, diretora-geral do Hospital da Provid\u00eancia.<br \/>\nO prefeito de Apucarana lembra que procurou o deputado Jacov\u00f3s meses atr\u00e1s, di\u00e1logo que avan\u00e7ou e resultou na libera\u00e7\u00e3o dos recursos. \u201cBuscamos essa uni\u00e3o, esse alinhamento de for\u00e7as, para que a cidade se desenvolva. Al\u00e9m da seguran\u00e7a p\u00fablica, buscamos saber do deputado outras \u00e1reas de afinidade e fomos informados que ele tem um olhar diferenciado pela sa\u00fade\u201d, pontua Junior da Femac.<br \/>\nJunior da Femac afirma que o deputado assumiu o compromisso de ajudar Apucarana. \u201cO deputado Jacov\u00f3s perguntou: o que posso fazer para ajudar na Prefeitura? Essa postura faz toda a diferen\u00e7a, pois mostra a inten\u00e7\u00e3o do deputado de unir for\u00e7as para o desenvolvimento da cidade\u201d, frisa Junior da Femac, salientando que a libera\u00e7\u00e3o dos recursos tamb\u00e9m foi um pedido reiterado pela C\u00e2mara de Vereadores.<br \/>\nDos recursos anunciados, R$ 700 mil ser\u00e3o destinados para a Autarquia Municipal de Sa\u00fade, R$ 300 mil para o Hospital da Provid\u00eancia e R$ 500 mil para a aquisi\u00e7\u00e3o de ve\u00edculos. \u201cSer\u00e3o adquiridos tr\u00eas ve\u00edculos para a Pol\u00edcia Civil, tr\u00eas para a Pol\u00edcia Militar e ainda uma ambul\u00e2ncia para o Corpo de Bombeiros\u201d, detalha do deputado Jacov\u00f3s.<br \/>\nO deputado tamb\u00e9m anunciou a destina\u00e7\u00e3o de R$ 50 mil para a castra\u00e7\u00e3o de c\u00e3es que perambulam pelas ruas. \u201cEsse recurso ser\u00e1 liberado atrav\u00e9s da Secretaria de Estado do Meio Ambiente e o Munic\u00edpio ficar\u00e1 respons\u00e1vel por fazer uma licita\u00e7\u00e3o para a contrata\u00e7\u00e3o de uma cl\u00ednica especializada\u201d, explica Jocov\u00f3s, acrescentando que pretende aumentar, em 2020, essa verba para R$ 100 mil.<br \/>\n<strong>COTA DE VERBAS &#8211;<\/strong> De acordo com Jacov\u00f3s, os recursos s\u00e3o parte da cota de verbas a que cada deputado tem direito e que s\u00e3o repassados atrav\u00e9s do governo do Estado. \u201cParte dos recursos s\u00e3o da sa\u00fade e outra \u00e9 de recursos que foram devolvidos pela Assembleia Legislativa ao governo do Estado\u201d, esclarece.<br \/>\nJacov\u00f3s colocou o seu mandato \u00e0 disposi\u00e7\u00e3o e disse que trabalha em sintonia com outros parlamentares, como o deputado apucaranense Arilson Chiorato, para viabilizar emendas conjuntas. \u201cN\u00e3o tem essa frescura de divis\u00e3o partid\u00e1ria. O Arilson \u00e9 um deputado bastante atuante e companheiro\u201d, frisa.<br \/>\nJacov\u00f3s afirma que dever\u00e1 ter a disposi\u00e7\u00e3o neste ano cerca de R$ 7 milh\u00f5es em recursos, que ser\u00e3o distribu\u00eddos nas bases eleitorais. \u201cAssumo o compromisso de que 40% deste montante ser\u00e1 destinado a Apucarana. Esse procedimento ser\u00e1 adotado todos os anos, at\u00e9 o final do meu mandato, \u00a0como forma de retribuir a expressiva vota\u00e7\u00e3o\u201d, salienta o deputado.<br \/>\n&nbsp;<br \/>\n&nbsp;<\/p>\n","protected":false},"excerpt":{"rendered":"<p>Recursos, que foram anunciados pelo prefeito e deputado, atendem as \u00e1reas de sa\u00fade e seguran\u00e7a p\u00fablica. (Foto: PMA)<\/p>\n","protected":false},"author":4,"featured_media":27006,"comment_status":"closed","ping_status":"open","sticky":false,"template":"","format":"standard","meta":{"footnotes":""},"categories":[24],"tags":[],"class_list":["post-27003","post","type-post","status-publish","format-standard","has-post-thumbnail","hentry","category-noticias"],"acf":[],"_links":{"self":[{"href":"http:\/\/www.apucarana.pr.gov.br\/site\/wp-json\/wp\/v2\/posts\/27003","targetHints":{"allow":["GET"]}}],"collection":[{"href":"http:\/\/www.apucarana.pr.gov.br\/site\/wp-json\/wp\/v2\/posts"}],"about":[{"href":"http:\/\/www.apucarana.pr.gov.br\/site\/wp-json\/wp\/v2\/types\/post"}],"author":[{"embeddable":true,"href":"http:\/\/www.apucarana.pr.gov.br\/site\/wp-json\/wp\/v2\/users\/4"}],"replies":[{"embeddable":true,"href":"http:\/\/www.apucarana.pr.gov.br\/site\/wp-json\/wp\/v2\/comments?post=27003"}],"version-history":[{"count":1,"href":"http:\/\/www.apucarana.pr.gov.br\/site\/wp-json\/wp\/v2\/posts\/27003\/revisions"}],"predecessor-version":[{"id":100093,"href":"http:\/\/www.apucarana.pr.gov.br\/site\/wp-json\/wp\/v2\/posts\/27003\/revisions\/100093"}],"wp:featuredmedia":[{"embeddable":true,"href":"http:\/\/www.apucarana.pr.gov.br\/site\/wp-json\/"}],"wp:attachment":[{"href":"http:\/\/www.apucarana.pr.gov.br\/site\/wp-json\/wp\/v2\/media?parent=27003"}],"wp:term":[{"taxonomy":"category","embeddable":true,"href":"http:\/\/www.apucarana.pr.gov.br\/site\/wp-json\/wp\/v2\/categories?post=27003"},{"taxonomy":"post_tag","embeddable":true,"href":"http:\/\/www.apucarana.pr.gov.br\/site\/wp-json\/wp\/v2\/tags?post=27003"}],"curies":[{"name":"wp","href":"https:\/\/api.w.org\/{rel}","templated":true}]}}