{"id":2700,"date":"2015-03-31T10:25:00","date_gmt":"2015-03-31T10:25:00","guid":{"rendered":"http:\/\/172.16.0.7\/site-antigo\/?p=2700"},"modified":"2024-10-08T09:10:15","modified_gmt":"2024-10-08T12:10:15","slug":"concurso-da-educacao-resultado-da-prova-de-titulos-e-divulgado","status":"publish","type":"post","link":"http:\/\/www.apucarana.pr.gov.br\/site\/concurso-da-educacao-resultado-da-prova-de-titulos-e-divulgado\/","title":{"rendered":"Concurso da Educa\u00e7\u00e3o: resultado da prova de t\u00edtulos \u00e9 divulgado"},"content":{"rendered":"<p><p>A Autarquia Municipal de Educa\u00e7\u00e3o (AME) comunica que j\u00e1 foi publicado o resultado da prova de t\u00edtulos do concurso p\u00fablico n\u00ba 17\/2014, que visa o provimento de 50 vagas para os cargos de professor e de assistente infantil. <\/p>\n<p>Os candidatos podem verificar a sua pontua\u00e7\u00e3o por meio do endere\u00e7o eletr&ocirc;nico <a href=\"http:\/\/www.fauconcursos.org\">www.fauconcursos.org<\/a>, no link &lsquo;boletim de desempenho da prova de t\u00edtulos&rsquo;.<\/p>\n<p>Lembrando ainda que prazo reservado \u00e0 interposi\u00e7\u00e3o de recursos \u00e0 prova come\u00e7a \u00e0s 8 horas da manh\u00e3 do dia 01\/04 e termina 23h 59min do dia 02\/04.<\/p>\n<p>O concurso p\u00fablico da AME foi realizado no final do m\u00eas de fevereiro e contou com a participa\u00e7\u00e3o de mais de 1.780 inscritos. <\/p>\n<p>Edital de resultado da prova de t\u00edtulos: <\/p>\n<p><a href=\"http:\/\/www.fauconcursos.org\/concursos\/arquivos\/anexo_unico_titu.pdf\">http:\/\/www.fauconcursos.org\/concursos\/arquivos\/anexo_unico_titu.pdf<\/a>?<\/p>\n<p><\/p>\n","protected":false},"excerpt":{"rendered":"<p>Os candidatos podem verificar a sua pontua&ccedil;&atilde;o por meio do endere&ccedil;o eletr&ocirc;nico www.fauconcursos.org, no link &lsquo;boletim de desempenho da prova de t&iacute;tulos&rsquo;.<\/p>\n","protected":false},"author":4,"featured_media":0,"comment_status":"closed","ping_status":"closed","sticky":false,"template":"","format":"standard","meta":{"footnotes":""},"categories":[24],"tags":[],"class_list":["post-2700","post","type-post","status-publish","format-standard","hentry","category-noticias"],"acf":[],"_links":{"self":[{"href":"http:\/\/www.apucarana.pr.gov.br\/site\/wp-json\/wp\/v2\/posts\/2700","targetHints":{"allow":["GET"]}}],"collection":[{"href":"http:\/\/www.apucarana.pr.gov.br\/site\/wp-json\/wp\/v2\/posts"}],"about":[{"href":"http:\/\/www.apucarana.pr.gov.br\/site\/wp-json\/wp\/v2\/types\/post"}],"author":[{"embeddable":true,"href":"http:\/\/www.apucarana.pr.gov.br\/site\/wp-json\/wp\/v2\/users\/4"}],"replies":[{"embeddable":true,"href":"http:\/\/www.apucarana.pr.gov.br\/site\/wp-json\/wp\/v2\/comments?post=2700"}],"version-history":[{"count":1,"href":"http:\/\/www.apucarana.pr.gov.br\/site\/wp-json\/wp\/v2\/posts\/2700\/revisions"}],"predecessor-version":[{"id":104179,"href":"http:\/\/www.apucarana.pr.gov.br\/site\/wp-json\/wp\/v2\/posts\/2700\/revisions\/104179"}],"wp:attachment":[{"href":"http:\/\/www.apucarana.pr.gov.br\/site\/wp-json\/wp\/v2\/media?parent=2700"}],"wp:term":[{"taxonomy":"category","embeddable":true,"href":"http:\/\/www.apucarana.pr.gov.br\/site\/wp-json\/wp\/v2\/categories?post=2700"},{"taxonomy":"post_tag","embeddable":true,"href":"http:\/\/www.apucarana.pr.gov.br\/site\/wp-json\/wp\/v2\/tags?post=2700"}],"curies":[{"name":"wp","href":"https:\/\/api.w.org\/{rel}","templated":true}]}}