{"id":26998,"date":"2019-10-03T20:35:36","date_gmt":"2019-10-03T23:35:36","guid":{"rendered":"http:\/\/172.16.0.7\/site-antigo\/?p=26998"},"modified":"2024-10-08T09:19:50","modified_gmt":"2024-10-08T12:19:50","slug":"deputados-destinam-emenda-de-r-550-mil-para-apucarana","status":"publish","type":"post","link":"http:\/\/www.apucarana.pr.gov.br\/site\/deputados-destinam-emenda-de-r-550-mil-para-apucarana\/","title":{"rendered":"Deputados destinam emenda de R$ 550 mil para Apucarana"},"content":{"rendered":"<p>O prefeito de Apucarana, Junior da Femac, recebeu na tarde desta quinta-feira (3) a visita do deputado estadual Soldado Adriano Jos\u00e9. Ele veio oficializar o repasse de R$ 550 mil ao munic\u00edpio, por meio de uma emenda ao or\u00e7amento da Uni\u00e3o, de autoria do deputado federal Sargento Fahur.<br \/>\nEm nome dos apucaranenses, o prefeito Junior da Femac agradeceu mais uma emenda recebida da pare dos deputados Soldado Adriano e do Sargento Fahur. \u201cSeus mandatos t\u00eam conte\u00fado e ficamos felizes por contemplarem Apucarana\u201d, assinalou o prefeito.<br \/>\nAdriano Jos\u00e9 explicou que ele o Sargento Fahur t\u00eam elaborado em conjunto as emendas que est\u00e3o destinando aos munic\u00edpios paranaenses. \u201cNo caso de Apucarana, R$ 450 mil desta emenda beneficiam o Hospital da Provid\u00eancia, com recursos para custeio; e R$ 100 mil s\u00e3o direcionados \u00e0 Autarquia Municipal de Sa\u00fade\u201d, explicou o deputado.<br \/>\nEm Apucarana, o deputado Soldado Adriano destacou o trabalho que vem sendo feito pelo secret\u00e1rio de estado da sa\u00fade, Dr. Beto Preto. \u201cNossa \u00e1rea de atua\u00e7\u00e3o est\u00e1 mais centrada na seguran\u00e7a e na sa\u00fade, e o atendimento do Sr. Beto Preto tem sido pontual e de qualidade\u201d, avaliou o deputado que estava acompanhado  pelo apucaranense Vitor Magalh\u00e3es.<\/p>\n","protected":false},"excerpt":{"rendered":"<p>Em nome dos apucaranenses, o prefeito Junior da Femac agradeceu mais uma emenda recebida da pare dos deputados Soldado Adriano e do Sargento Fahur (Foto: PMA)<\/p>\n","protected":false},"author":4,"featured_media":26999,"comment_status":"closed","ping_status":"open","sticky":false,"template":"","format":"standard","meta":{"footnotes":""},"categories":[24],"tags":[],"class_list":["post-26998","post","type-post","status-publish","format-standard","has-post-thumbnail","hentry","category-noticias"],"acf":[],"_links":{"self":[{"href":"http:\/\/www.apucarana.pr.gov.br\/site\/wp-json\/wp\/v2\/posts\/26998","targetHints":{"allow":["GET"]}}],"collection":[{"href":"http:\/\/www.apucarana.pr.gov.br\/site\/wp-json\/wp\/v2\/posts"}],"about":[{"href":"http:\/\/www.apucarana.pr.gov.br\/site\/wp-json\/wp\/v2\/types\/post"}],"author":[{"embeddable":true,"href":"http:\/\/www.apucarana.pr.gov.br\/site\/wp-json\/wp\/v2\/users\/4"}],"replies":[{"embeddable":true,"href":"http:\/\/www.apucarana.pr.gov.br\/site\/wp-json\/wp\/v2\/comments?post=26998"}],"version-history":[{"count":1,"href":"http:\/\/www.apucarana.pr.gov.br\/site\/wp-json\/wp\/v2\/posts\/26998\/revisions"}],"predecessor-version":[{"id":100094,"href":"http:\/\/www.apucarana.pr.gov.br\/site\/wp-json\/wp\/v2\/posts\/26998\/revisions\/100094"}],"wp:featuredmedia":[{"embeddable":true,"href":"http:\/\/www.apucarana.pr.gov.br\/site\/wp-json\/"}],"wp:attachment":[{"href":"http:\/\/www.apucarana.pr.gov.br\/site\/wp-json\/wp\/v2\/media?parent=26998"}],"wp:term":[{"taxonomy":"category","embeddable":true,"href":"http:\/\/www.apucarana.pr.gov.br\/site\/wp-json\/wp\/v2\/categories?post=26998"},{"taxonomy":"post_tag","embeddable":true,"href":"http:\/\/www.apucarana.pr.gov.br\/site\/wp-json\/wp\/v2\/tags?post=26998"}],"curies":[{"name":"wp","href":"https:\/\/api.w.org\/{rel}","templated":true}]}}