{"id":26991,"date":"2019-10-03T20:29:12","date_gmt":"2019-10-03T23:29:12","guid":{"rendered":"http:\/\/172.16.0.7\/site-antigo\/?p=26991"},"modified":"2024-10-08T09:19:50","modified_gmt":"2024-10-08T12:19:50","slug":"satio-kayukawa-recebe-homenagem-do-japao","status":"publish","type":"post","link":"http:\/\/www.apucarana.pr.gov.br\/site\/satio-kayukawa-recebe-homenagem-do-japao\/","title":{"rendered":"Satio Kayukawa recebe homenagem do Jap\u00e3o"},"content":{"rendered":"<p>O ex-vereador e presidente do Conselho Deliberativo da Associa\u00e7\u00e3o Cultural e Esportiva de Apucarana (Acea), Satio Kayukawa, manteve audi\u00eancia ontem com o prefeito Junior da Femac. Acompanhado do presidente da Acea, Kenite Ishida, e de outras lideran\u00e7as da comunidade nip\u00f4nica local, Kayukawa apresentou ao prefeito o Diploma de Honra ao M\u00e9rito que ele acaba de receber do Governo do Jap\u00e3o.<br \/>\nA honraria foi outorgada recentemente, em Maring\u00e1, durante solenidade presidida pelo C\u00f4nsul Geral do Jap\u00e3o no Paran\u00e1, Hajime Kimura. No diploma, manuscrito no Idioma Japon\u00eas, o Ministro Taro Kono, titular do Minist\u00e9rio dos Neg\u00f3cios Estrangeiros, destaca a trajet\u00f3ria de Satio Kayukawa.<br \/>\n\u201cCom profundo respeito, o Minist\u00e9rio dos Neg\u00f3cios Estrangeiros do Governo do Jap\u00e3o, concede este diploma de Honra ao M\u00e9rito ao Sr. Satio Kayukawa, em reconhecimento aos relevantes servi\u00e7os prestados por ele, em contribui\u00e7\u00e3o ao entendimento e fortalecimento da amizade entre o Jap\u00e3o e o Brasil\u201d, expressa a honraria conferida ao apucaranense.<br \/>\nPara o prefeito Junior da Femac Satio Kayukawa faz parte da hist\u00f3ria de Apucarana. \u201cO Satio sempre esteve plenamente identificado com a cidade que ajudou a crescer e se desenvolver, como uma aut\u00eantica lideran\u00e7a da col\u00f4nia japonesa local\u201d, destacou Junior.<br \/>\nNascido em Apucarana, Satio Kayukawa, 75 anos, cumpriu sete mandatos de vereador, e tamb\u00e9m foi presidente da Companhia de Desenvolvimento de Apucarana (Codap). Foi presidente da C\u00e2mara de Vereadores e tamb\u00e9m da Acea, onde se notabilizou por ser um dos criadores da Festa da Cerejeira.          <\/p>\n","protected":false},"excerpt":{"rendered":"<p>Diploma de honra ao m\u00e9rito foi apresentado ao prefeito Junior da Femac (Foto: PMA)<\/p>\n","protected":false},"author":4,"featured_media":26996,"comment_status":"closed","ping_status":"open","sticky":false,"template":"","format":"standard","meta":{"footnotes":""},"categories":[24],"tags":[],"class_list":["post-26991","post","type-post","status-publish","format-standard","has-post-thumbnail","hentry","category-noticias"],"acf":[],"_links":{"self":[{"href":"http:\/\/www.apucarana.pr.gov.br\/site\/wp-json\/wp\/v2\/posts\/26991","targetHints":{"allow":["GET"]}}],"collection":[{"href":"http:\/\/www.apucarana.pr.gov.br\/site\/wp-json\/wp\/v2\/posts"}],"about":[{"href":"http:\/\/www.apucarana.pr.gov.br\/site\/wp-json\/wp\/v2\/types\/post"}],"author":[{"embeddable":true,"href":"http:\/\/www.apucarana.pr.gov.br\/site\/wp-json\/wp\/v2\/users\/4"}],"replies":[{"embeddable":true,"href":"http:\/\/www.apucarana.pr.gov.br\/site\/wp-json\/wp\/v2\/comments?post=26991"}],"version-history":[{"count":1,"href":"http:\/\/www.apucarana.pr.gov.br\/site\/wp-json\/wp\/v2\/posts\/26991\/revisions"}],"predecessor-version":[{"id":100095,"href":"http:\/\/www.apucarana.pr.gov.br\/site\/wp-json\/wp\/v2\/posts\/26991\/revisions\/100095"}],"wp:featuredmedia":[{"embeddable":true,"href":"http:\/\/www.apucarana.pr.gov.br\/site\/wp-json\/"}],"wp:attachment":[{"href":"http:\/\/www.apucarana.pr.gov.br\/site\/wp-json\/wp\/v2\/media?parent=26991"}],"wp:term":[{"taxonomy":"category","embeddable":true,"href":"http:\/\/www.apucarana.pr.gov.br\/site\/wp-json\/wp\/v2\/categories?post=26991"},{"taxonomy":"post_tag","embeddable":true,"href":"http:\/\/www.apucarana.pr.gov.br\/site\/wp-json\/wp\/v2\/tags?post=26991"}],"curies":[{"name":"wp","href":"https:\/\/api.w.org\/{rel}","templated":true}]}}