{"id":2699,"date":"2015-03-30T16:57:59","date_gmt":"2015-03-30T16:57:59","guid":{"rendered":"http:\/\/172.16.0.7\/site-antigo\/?p=2699"},"modified":"2024-10-08T09:10:15","modified_gmt":"2024-10-08T12:10:15","slug":"inscricoes-para-a-fase-municipal-dos-jeps-encerram-nesta-quarta","status":"publish","type":"post","link":"http:\/\/www.apucarana.pr.gov.br\/site\/inscricoes-para-a-fase-municipal-dos-jeps-encerram-nesta-quarta\/","title":{"rendered":"Inscri\u00e7\u00f5es para a fase municipal dos JEP&#8217;s encerram nesta quarta"},"content":{"rendered":"<p><p><span style=\"letter-spacing: -0.02em; line-height: 1.45em; background-color: initial;\">As secretarias de Esportes e Lazer e da Juventude de Apucarana alertam aos dirigentes respons\u00e1veis pelo processo, que as inscri\u00e7\u00f5es da fase municipal dos 62\u00ba Jogos Escolares do Paran\u00e1 (JEP&acute;s) encerram nesta quarta-feira (01\/04). O procedimento deve ser feito pela internet, no endere\u00e7o <\/span><a href=\"http:\/\/www.apucarana.pr.gov.br\/esporte\" style=\"letter-spacing: -0.02em; line-height: 1.45em; background-color: initial;\">www.apucarana.pr.gov.br\/esporte<\/a><span style=\"letter-spacing: -0.02em; line-height: 1.45em; background-color: initial;\">. O congresso t\u00e9cnico dos JEP&acute;s est\u00e1 marcado para a quinta-feira (02\/04), \u00e0s 14 horas, no Centro da Juventude Alex Mazaron, Jardim Diamantina. Na edi\u00e7\u00e3o 2014, os jogos contaram com 1.140 atletas de 26 col\u00e9gios da rede p\u00fablica e privada de Apucarana.<br \/><\/span><span style=\"letter-spacing: -0.02em; line-height: 1.45em; background-color: initial;\"><br \/>O prefeito Beto Preto (PT) lembra que a competi\u00e7\u00e3o marca uma grande confraterniza\u00e7\u00e3o esportiva dos estabelecimentos escolares e convida a todos para a solenidade de abertura, que acontece dia 10, \u00e0s 9h30, no Centro Esportivo Madre Josafata, do Col\u00e9gio Nossa Senhora da Gl\u00f3ria (Glorinha). &ldquo;Esperamos mais uma vez uma bela disputa entre as equipes inscritas e que mais do que medalhas e trof\u00e9us, todos saiam com o verdadeiro ganho da pr\u00e1tica esportiva, que \u00e9 uma vida com mais sa\u00fade&rdquo;, pontuou o prefeito.<br \/><\/span><span style=\"letter-spacing: -0.02em; line-height: 1.45em; background-color: initial;\"><br \/>A fase municipal dos JEP&rsquo;s \u00e9 disputada nas modalidades de basquetebol, futsal, handebol, v&ocirc;lei e v&ocirc;lei de praia, nas categorias &ldquo;A&rdquo; (de 15 a 17 anos de idade) e &ldquo;B&rdquo; (de 12 a 14 anos), nos naipes masculino e feminino. O secret\u00e1rio de Esportes e Lazer, Paulo Aparecido Kisner (Paul\u00e3o), informa que quarta-feira tamb\u00e9m \u00e9 o prazo final das inscri\u00e7\u00f5es para o &ldquo;Bom e Bola&rdquo;, da fase municipal dos Jogos Escolares do Paran\u00e1 (JEP&acute;s). &ldquo;Nossa equipe est\u00e1 trabalhando para fazer novamente uma grande etapa municipal&rdquo;, informa.<br \/><\/span><span style=\"letter-spacing: -0.02em; line-height: 1.45em; background-color: initial;\"><br \/>A realiza\u00e7\u00e3o da fase apucaranense \u00e9 uma promo\u00e7\u00e3o da Secretaria de Estado da Educa\u00e7\u00e3o atrav\u00e9s do N\u00facleo Regional de Educa\u00e7\u00e3o e Prefeitura de Apucarana, atrav\u00e9s das secretarias Municipais do Esporte e Lazer e da Juventude, por interm\u00e9dio do Centro da Juventude. Al\u00e9m do site oficial da prefeitura, d\u00favidas ou outras informa\u00e7\u00f5es tamb\u00e9m podem ser obtidas pelo telefone 3422-5184.<\/span><\/p>\n<p><\/p>\n","protected":false},"excerpt":{"rendered":"<p>O prefeito Beto Preto (PT) lembra que a competi&ccedil;&atilde;o marca uma grande confraterniza&ccedil;&atilde;o esportiva dos estabelecimentos escolares e convida a todos para a solenidade de abertura, que acontece dia 10<\/p>\n","protected":false},"author":4,"featured_media":0,"comment_status":"closed","ping_status":"closed","sticky":false,"template":"","format":"standard","meta":{"footnotes":""},"categories":[24],"tags":[],"class_list":["post-2699","post","type-post","status-publish","format-standard","hentry","category-noticias"],"acf":[],"_links":{"self":[{"href":"http:\/\/www.apucarana.pr.gov.br\/site\/wp-json\/wp\/v2\/posts\/2699","targetHints":{"allow":["GET"]}}],"collection":[{"href":"http:\/\/www.apucarana.pr.gov.br\/site\/wp-json\/wp\/v2\/posts"}],"about":[{"href":"http:\/\/www.apucarana.pr.gov.br\/site\/wp-json\/wp\/v2\/types\/post"}],"author":[{"embeddable":true,"href":"http:\/\/www.apucarana.pr.gov.br\/site\/wp-json\/wp\/v2\/users\/4"}],"replies":[{"embeddable":true,"href":"http:\/\/www.apucarana.pr.gov.br\/site\/wp-json\/wp\/v2\/comments?post=2699"}],"version-history":[{"count":1,"href":"http:\/\/www.apucarana.pr.gov.br\/site\/wp-json\/wp\/v2\/posts\/2699\/revisions"}],"predecessor-version":[{"id":104180,"href":"http:\/\/www.apucarana.pr.gov.br\/site\/wp-json\/wp\/v2\/posts\/2699\/revisions\/104180"}],"wp:attachment":[{"href":"http:\/\/www.apucarana.pr.gov.br\/site\/wp-json\/wp\/v2\/media?parent=2699"}],"wp:term":[{"taxonomy":"category","embeddable":true,"href":"http:\/\/www.apucarana.pr.gov.br\/site\/wp-json\/wp\/v2\/categories?post=2699"},{"taxonomy":"post_tag","embeddable":true,"href":"http:\/\/www.apucarana.pr.gov.br\/site\/wp-json\/wp\/v2\/tags?post=2699"}],"curies":[{"name":"wp","href":"https:\/\/api.w.org\/{rel}","templated":true}]}}