{"id":26983,"date":"2019-10-03T20:23:36","date_gmt":"2019-10-03T23:23:36","guid":{"rendered":"http:\/\/172.16.0.7\/site-antigo\/?p=26983"},"modified":"2024-10-08T09:19:50","modified_gmt":"2024-10-08T12:19:50","slug":"providencia-entrega-de-carros-da-campanha-doacao-premiada","status":"publish","type":"post","link":"http:\/\/www.apucarana.pr.gov.br\/site\/providencia-entrega-de-carros-da-campanha-doacao-premiada\/","title":{"rendered":"Provid\u00eancia entrega de carros da campanha Doa\u00e7\u00e3o Premiada"},"content":{"rendered":"<p>O Hospital da Provid\u00eancia fez na tarde de ontem, na Pra\u00e7a Rui Barbosa, a entrega dos ve\u00edculos sorteados na campanha \u201cDoa\u00e7\u00e3o Premiada\u201d, em prol da constru\u00e7\u00e3o do novo setor de radioterapia da unidade hospitalar.<br \/>\nDe um total de 5 mil cupons, 4.082 foram validados em forma de doa\u00e7\u00e3o, resultando em uma arrecada\u00e7\u00e3o de R$408.200,00. O ganhador do primeiro pr\u00eamio, uma Mercedes-Benz GLK 280, 2008, modelo 2009, foi o bilhete n\u00ba 0400, em nome de Renato Franciscon. J\u00e1 o segundo pr\u00eamio, um Fusca Rel\u00edquia Itamar, ano 1994, saiu para o bilhete n\u00ba 1955, tendo como ganhador Ricardo Tizeu. Os autom\u00f3veis haviam sido doados por volunt\u00e1rios do hospital.<br \/>\nO prefeito Junior da Femac foi convidado pela diretora geral do Hospital da Provid\u00eancia, Irm\u00e3 Geovana Ramos, e prestigiou a entrega dos dois autom\u00f3veis. A campanha teve o apoio da Prefeitura de Apucarana, da Associa\u00e7\u00e3o Comercial, Industrial e de Servi\u00e7os de Apucarana (Acia), e do Sindicato do Com\u00e9rcio Varejista de Apucarana (Sivana), al\u00e9m de diversos segmentos organizados da sociedade. <\/p>\n","protected":false},"excerpt":{"rendered":"<p>O prefeito Junior da Femac foi convidado pela diretora geral do Hospital da Provid\u00eancia, Irm\u00e3 Geovana Ramos, e prestigiou a entrega (Foto: PMA)<\/p>\n","protected":false},"author":4,"featured_media":26985,"comment_status":"closed","ping_status":"open","sticky":false,"template":"","format":"standard","meta":{"footnotes":""},"categories":[24],"tags":[],"class_list":["post-26983","post","type-post","status-publish","format-standard","has-post-thumbnail","hentry","category-noticias"],"acf":[],"_links":{"self":[{"href":"http:\/\/www.apucarana.pr.gov.br\/site\/wp-json\/wp\/v2\/posts\/26983","targetHints":{"allow":["GET"]}}],"collection":[{"href":"http:\/\/www.apucarana.pr.gov.br\/site\/wp-json\/wp\/v2\/posts"}],"about":[{"href":"http:\/\/www.apucarana.pr.gov.br\/site\/wp-json\/wp\/v2\/types\/post"}],"author":[{"embeddable":true,"href":"http:\/\/www.apucarana.pr.gov.br\/site\/wp-json\/wp\/v2\/users\/4"}],"replies":[{"embeddable":true,"href":"http:\/\/www.apucarana.pr.gov.br\/site\/wp-json\/wp\/v2\/comments?post=26983"}],"version-history":[{"count":1,"href":"http:\/\/www.apucarana.pr.gov.br\/site\/wp-json\/wp\/v2\/posts\/26983\/revisions"}],"predecessor-version":[{"id":100096,"href":"http:\/\/www.apucarana.pr.gov.br\/site\/wp-json\/wp\/v2\/posts\/26983\/revisions\/100096"}],"wp:featuredmedia":[{"embeddable":true,"href":"http:\/\/www.apucarana.pr.gov.br\/site\/wp-json\/"}],"wp:attachment":[{"href":"http:\/\/www.apucarana.pr.gov.br\/site\/wp-json\/wp\/v2\/media?parent=26983"}],"wp:term":[{"taxonomy":"category","embeddable":true,"href":"http:\/\/www.apucarana.pr.gov.br\/site\/wp-json\/wp\/v2\/categories?post=26983"},{"taxonomy":"post_tag","embeddable":true,"href":"http:\/\/www.apucarana.pr.gov.br\/site\/wp-json\/wp\/v2\/tags?post=26983"}],"curies":[{"name":"wp","href":"https:\/\/api.w.org\/{rel}","templated":true}]}}