{"id":2698,"date":"2015-03-30T16:52:00","date_gmt":"2015-03-30T16:52:00","guid":{"rendered":"http:\/\/172.16.0.7\/site-antigo\/?p=2698"},"modified":"2024-10-08T09:10:15","modified_gmt":"2024-10-08T12:10:15","slug":"apucarana-mantem-canteiro-de-obras","status":"publish","type":"post","link":"http:\/\/www.apucarana.pr.gov.br\/site\/apucarana-mantem-canteiro-de-obras\/","title":{"rendered":"Apucarana mant\u00e9m canteiro de obras"},"content":{"rendered":"<p><p><span style=\"letter-spacing: -0.02em; line-height: 1.45em; background-color: initial;\">A Prefeitura de Apucarana est\u00e1 executando atualmente 40 obras p\u00fablicas nas \u00e1reas de sa\u00fade, assist\u00eancia social, educa\u00e7\u00e3o, esporte e de infraestrutura urbana. Os custos remontam a mais R$ 20 milh\u00f5es, com recursos oriundos do Governo Federal e do caixa pr\u00f3prio da prefeitura. Ao mesmo tempo, a prefeitura est\u00e1 trabalhando em processos de licita\u00e7\u00e3o para contratar mais R$ 16,5 milh\u00f5es de obras em diversos setores.<br \/><\/span><span style=\"letter-spacing: -0.02em; line-height: 1.45em; background-color: initial;\"><br \/>Deste pacote de obras em execu\u00e7\u00e3o, 18 s\u00e3o da educa\u00e7\u00e3o, 9 de pavimenta\u00e7\u00e3o e drenagem, 8 da sa\u00fade, 1 da assist\u00eancia social e 3 do esporte. &ldquo;Este volume de obras em execu\u00e7\u00e3o demonstra o resultado pr\u00e1tico do trabalho que vem sendo desenvolvido neste governo municipal, buscando atender a popula\u00e7\u00e3o em todas as \u00e1reas&rdquo;, avalia o prefeito Beto Preto.<br \/><\/span><span style=\"letter-spacing: -0.02em; line-height: 1.45em; background-color: initial;\"><br \/>Para ele, esse canteiro de obras est\u00e1 sendo viabilizado por meio de bons projetos, muito esfor\u00e7o pol\u00edtico nas parcerias firmadas, principalmente, com o Governo Federal. &ldquo;Outro fator essencial nestas conquistas tem sido o controle rigoroso das finan\u00e7as da prefeitura, garantindo sobras de caixa para bancar obras com recursos pr\u00f3prios e tamb\u00e9m as contrapartidas exigidas nos conv\u00eanios&rdquo;, argumenta o prefeito, avaliando que, &ldquo;com a crise econ&ocirc;mica nacional estamos refazendo as contas, mas o ritmo de obras continua intenso em v\u00e1rias regi\u00f5es da cidade&rdquo;.<br \/><\/span><span style=\"letter-spacing: -0.02em; line-height: 1.45em; background-color: initial;\"><br \/>Entre as mais diversas frentes de trabalho, conforme destaca Beto Preto, est\u00e3o um pacote de obras de reforma e amplia\u00e7\u00e3o de 9 escolas e 4 Centros Municipais de Educa\u00e7\u00e3o Infantil (CMEIs), ao custo de R$ 5,5 milh\u00f5es, tudo bancado com recursos pr\u00f3prios do Munic\u00edpio.<br \/><\/span><span style=\"letter-spacing: -0.02em; line-height: 1.45em; background-color: initial;\"><br \/>Ainda na \u00e1rea da educa\u00e7\u00e3o soma-se mais R$ 1,5 milh\u00e3o de investimento com a constru\u00e7\u00e3o da supercreche do Jardim Am\u00e9rica, que est\u00e1 em fase de conclus\u00e3o. O novo pr\u00e9dio ter\u00e1capacidade para atender 180 crian\u00e7as, com \u00e1rea constru\u00edda de 1.200 metros quadrados. &ldquo;Estamos construindo uma educa\u00e7\u00e3o com mais investimentos e mais resultados. Nossas crian\u00e7as, seus pais e nossos professores acompanham essa evolu\u00e7\u00e3o no dia a dia das escolas&rdquo;, assinala o prefeito.<br \/><\/span><span style=\"letter-spacing: -0.02em; line-height: 1.45em; background-color: initial;\"><br \/>No segmento de infraestrutura urbana a Secretaria de Obras do Munic\u00edpio mant\u00e9m neste primeiro semestre de 2015, um total de 14 frentes de trabalho. &ldquo;Avan\u00e7amos em drenagem e pavimenta\u00e7\u00e3o, atendendo o Jardim Figueira, 2\u00aa etapa do Jardim Novo Horizonte, recape asf\u00e1ltico do Marcos Freire, Rua Margarida (Jardim das Flores), 2\u00aa etapa do Sanches dos Santos, Rua Ouro Verde (N\u00facleo Vale Verde), Rua do Senac (Parque Industrial Oeste), reconstru\u00e7\u00e3o da canaliza\u00e7\u00e3o do C\u00f3rrego Ta\u00faba, e reabertura de trecho da Rua Os\u00f3rio Ribas de Paula, no centro&rdquo;, relata Beto Preto.<br \/><\/span><span style=\"letter-spacing: -0.02em; line-height: 1.45em; background-color: initial;\"><br \/><b>Confira as obras: <br \/><\/b><\/span><b style=\"letter-spacing: -0.02em; line-height: 1.45em; background-color: initial;\"><br \/>EDUCA&Ccedil;&Atilde;O<br \/><\/b><span style=\"letter-spacing: -0.02em; line-height: 1.45em; background-color: initial;\"><b><br \/><\/b>Nova supercreche (J. Am\u00e9rica) R$ 1,5 milh\u00e3o<br \/><\/span><span style=\"letter-spacing: -0.02em; line-height: 1.45em; background-color: initial;\">Escola Juiz Luiz Fernando (Dom Romeu) R$ 310 mil*<br \/><\/span><span style=\"letter-spacing: -0.02em; line-height: 1.45em; background-color: initial;\">Escola F\u00e1bio Henrique (Marissol) R$ 180 mil*<br \/><\/span><span style=\"letter-spacing: -0.02em; line-height: 1.45em; background-color: initial;\">Escola Braga Cortes (centro) R$ 304 mil*<br \/><\/span><span style=\"letter-spacing: -0.02em; line-height: 1.45em; background-color: initial;\">Escola Albino Biacchi (J. Trabalhista) R$ 724 mil*<br \/><\/span><span style=\"letter-spacing: -0.02em; line-height: 1.45em; background-color: initial;\">Escola Vereador Jos\u00e9 Ramos (Pirap\u00f3) R$ 862 mil*<br \/><\/span><span style=\"letter-spacing: -0.02em; line-height: 1.45em; background-color: initial;\">Escola Jos\u00e9 Brazil Camargo (Recanto do Lago) R$ 460 mil*<br \/><\/span><span style=\"letter-spacing: -0.02em; line-height: 1.45em; background-color: initial;\">Escola Augusto Weiand (J. Tarob\u00e1) R$ 629 mil*<br \/><\/span><span style=\"letter-spacing: -0.02em; line-height: 1.45em; background-color: initial;\">Escola Vida Nova (CAIC) R$ 120 mil*<br \/><\/span><span style=\"letter-spacing: -0.02em; line-height: 1.45em; background-color: initial;\">Escola Durval Pinto (Lago\u00e3o) R$ 110 mil*<br \/><\/span><span style=\"letter-spacing: -0.02em; line-height: 1.45em; background-color: initial;\">CMEI Ana Luiz\u00e3o Festi (Pirap\u00f3) R$ 529 mil*<br \/><\/span><span style=\"letter-spacing: -0.02em; line-height: 1.45em; background-color: initial;\">CMEI Domingos Mareze (Adriano Correia) R$ 374 mil*<br \/><\/span><span style=\"letter-spacing: -0.02em; line-height: 1.45em; background-color: initial;\">CMEI Olivio Fernandes (Tancredo Neves) R$ 489 mil*<br \/><\/span><span style=\"letter-spacing: -0.02em; line-height: 1.45em; background-color: initial;\">CMEI Irm\u00e3 Dulce (Bigua\u00e7\u00fa) R$ 507 mil*<br \/><\/span><span style=\"letter-spacing: -0.02em; line-height: 1.45em; background-color: initial;\"><br \/><b>*Reforma e amplia\u00e7\u00e3o<br \/><\/b><\/span><b style=\"letter-spacing: -0.02em; line-height: 1.45em; background-color: initial;\"><br \/>SA&Uacute;DE<br \/><\/b><span style=\"letter-spacing: -0.02em; line-height: 1.45em; background-color: initial;\"><b><br \/><\/b>Constru\u00e7\u00e3o do Centro de Especialidades R$ 2,2 milh\u00f5es<br \/><\/span><span style=\"letter-spacing: -0.02em; line-height: 1.45em; background-color: initial;\">Reforma UBS (J. das Flores) R$ 80 mil<br \/><\/span><span style=\"letter-spacing: -0.02em; line-height: 1.45em; background-color: initial;\">Reforma UBS (28 de Janeiro) R$ 70 mil<br \/><\/span><span style=\"letter-spacing: -0.02em; line-height: 1.45em; background-color: initial;\">Nova UBS (CSU) R$ 300 mil<br \/><\/span><span style=\"letter-spacing: -0.02em; line-height: 1.45em; background-color: initial;\">Pra\u00e7a da Sa\u00fade (Dom Romeu) R$ 100 mil<br \/><\/span><span style=\"letter-spacing: -0.02em; line-height: 1.45em; background-color: initial;\">Pra\u00e7a da Sa\u00fade (Vila Nova) R$ 100 mil<br \/><\/span><span style=\"letter-spacing: -0.02em; line-height: 1.45em; background-color: initial;\"><br \/><b>SUMATRA E JA&Ccedil;AN&Atilde; **<br \/><\/b><\/span><span style=\"letter-spacing: -0.02em; line-height: 1.45em; background-color: initial;\"><b><br \/><\/b>Escola Fernando Acosta<br \/><\/span><span style=\"letter-spacing: -0.02em; line-height: 1.45em; background-color: initial;\">CMEI Alice Ara\u00fajo<br \/><\/span><span style=\"letter-spacing: -0.02em; line-height: 1.45em; background-color: initial;\">UBS Eunice Penharbel<br \/><\/span><span style=\"letter-spacing: -0.02em; line-height: 1.45em; background-color: initial;\">CRAS<br \/><\/span><span style=\"letter-spacing: -0.02em; line-height: 1.45em; background-color: initial;\"><br \/><b>** Investimento de 4,2 milh\u00f5es<br \/><\/b><\/span><b style=\"letter-spacing: -0.02em; line-height: 1.45em; background-color: initial;\"><br \/>DRENAGEM E PAVIMENTA&Ccedil;&Atilde;O<br \/><\/b><span style=\"letter-spacing: -0.02em; line-height: 1.45em; background-color: initial;\"><b><br \/><\/b>Jardim Figueira R$ 276 mil<br \/><\/span><span style=\"letter-spacing: -0.02em; line-height: 1.45em; background-color: initial;\">2\u00aa etapa do Novo Horizonte R$ 600 mil<br \/><\/span><span style=\"letter-spacing: -0.02em; line-height: 1.45em; background-color: initial;\">Recape no Marcos Freire R$ 266 mil<br \/><\/span><span style=\"letter-spacing: -0.02em; line-height: 1.45em; background-color: initial;\">Rua Margarida, no J. das Flores R$ 150 mil<br \/><\/span><span style=\"letter-spacing: -0.02em; line-height: 1.45em; back\nground-color: initial;\">2\u00aa etapa do Sanches do Santos R$ 150 mil<br \/><\/span><span style=\"letter-spacing: -0.02em; line-height: 1.45em; background-color: initial;\">Rua Ouro Verde (N. Vale Verde) R$ 150 mil<br \/><\/span><span style=\"letter-spacing: -0.02em; line-height: 1.45em; background-color: initial;\">Rua Senac (Parque Industrial Oeste) R$ 150 mil<br \/><\/span><span style=\"letter-spacing: -0.02em; line-height: 1.45em; background-color: initial;\">Canaliza\u00e7\u00e3o do C\u00f3rrego Ta\u00faba R$ R$ 35 mil<br \/><\/span><span style=\"letter-spacing: -0.02em; line-height: 1.45em; background-color: initial;\">Reabertura de trecho da Rua Os\u00f3rio Ribas R$ 30 mil<br \/><\/span><span style=\"letter-spacing: -0.02em; line-height: 1.45em; background-color: initial;\">2\u00aa etapa do Recanto do Lago R$ 600 mil<br \/><\/span><span style=\"letter-spacing: -0.02em; line-height: 1.45em; background-color: initial;\">Rua Alum\u00ednio (Parque Industrial Norte) R$ 730 mil<br \/><\/span><span style=\"letter-spacing: -0.02em; line-height: 1.45em; background-color: initial;\">Recanto Mundo Novo R$ 1,1 milh\u00e3o<br \/><\/span><span style=\"letter-spacing: -0.02em; line-height: 1.45em; background-color: initial;\">Vila Miriam Maria (Vila Reis) R$ 1,2 milh\u00e3o <br \/><\/span><span style=\"letter-spacing: -0.02em; line-height: 1.45em; background-color: initial;\"><br \/><b>ESPORTE<br \/><\/b><\/span><span style=\"letter-spacing: -0.02em; line-height: 1.45em; background-color: initial;\"><b><br \/><\/b>Nova cobertura do Gin\u00e1sio Lago\u00e3o R$ 500 mil<br \/><\/span><span style=\"letter-spacing: -0.02em; line-height: 1.45em; background-color: initial;\">Amplia\u00e7\u00e3o da quadra e reforma de sanit\u00e1rios R$ 400 mil*<br \/><\/span><span style=\"letter-spacing: -0.02em; line-height: 1.45em; background-color: initial;\">*Em licita\u00e7\u00e3o<\/span><\/p><\/p>\n","protected":false},"excerpt":{"rendered":"<p>S&atilde;o dezenas de projetos em execu&ccedil;&atilde;o, que envolvem investimento superior a R$ 20 milh&otilde;es<\/p>\n","protected":false},"author":4,"featured_media":0,"comment_status":"closed","ping_status":"closed","sticky":false,"template":"","format":"standard","meta":{"footnotes":""},"categories":[24],"tags":[],"class_list":["post-2698","post","type-post","status-publish","format-standard","hentry","category-noticias"],"acf":[],"_links":{"self":[{"href":"http:\/\/www.apucarana.pr.gov.br\/site\/wp-json\/wp\/v2\/posts\/2698","targetHints":{"allow":["GET"]}}],"collection":[{"href":"http:\/\/www.apucarana.pr.gov.br\/site\/wp-json\/wp\/v2\/posts"}],"about":[{"href":"http:\/\/www.apucarana.pr.gov.br\/site\/wp-json\/wp\/v2\/types\/post"}],"author":[{"embeddable":true,"href":"http:\/\/www.apucarana.pr.gov.br\/site\/wp-json\/wp\/v2\/users\/4"}],"replies":[{"embeddable":true,"href":"http:\/\/www.apucarana.pr.gov.br\/site\/wp-json\/wp\/v2\/comments?post=2698"}],"version-history":[{"count":1,"href":"http:\/\/www.apucarana.pr.gov.br\/site\/wp-json\/wp\/v2\/posts\/2698\/revisions"}],"predecessor-version":[{"id":104181,"href":"http:\/\/www.apucarana.pr.gov.br\/site\/wp-json\/wp\/v2\/posts\/2698\/revisions\/104181"}],"wp:attachment":[{"href":"http:\/\/www.apucarana.pr.gov.br\/site\/wp-json\/wp\/v2\/media?parent=2698"}],"wp:term":[{"taxonomy":"category","embeddable":true,"href":"http:\/\/www.apucarana.pr.gov.br\/site\/wp-json\/wp\/v2\/categories?post=2698"},{"taxonomy":"post_tag","embeddable":true,"href":"http:\/\/www.apucarana.pr.gov.br\/site\/wp-json\/wp\/v2\/tags?post=2698"}],"curies":[{"name":"wp","href":"https:\/\/api.w.org\/{rel}","templated":true}]}}