{"id":26975,"date":"2019-10-03T18:09:50","date_gmt":"2019-10-03T21:09:50","guid":{"rendered":"http:\/\/172.16.0.7\/site-antigo\/?p=26975"},"modified":"2024-10-08T09:19:50","modified_gmt":"2024-10-08T12:19:50","slug":"exposicao-revela-trabalho-dos-grupos-de-convivencia","status":"publish","type":"post","link":"http:\/\/www.apucarana.pr.gov.br\/site\/exposicao-revela-trabalho-dos-grupos-de-convivencia\/","title":{"rendered":"Exposi\u00e7\u00e3o revela trabalho dos grupos de conviv\u00eancia"},"content":{"rendered":"<p>Representantes de 23 Grupos Conviver de Apucarana estiveram na Pra\u00e7a Rui Barbosa nesta quarta e quinta-feira (02 e 03\/10) para apresentar \u00e0 popula\u00e7\u00e3o os trabalhos manuais produzidos durante as oficinas semanais. A exposi\u00e7\u00e3o, que reuniu artesanatos, croch\u00eas, toalhas, tapetes, panos de prato, entre outros produtos feitos \u00e0 m\u00e3o, foi conferida de perto pelo prefeito J\u00fanior da Femac.<br \/>\n\u201cA Gest\u00e3o Beto Preto tem um grande respeito pelos nossos cidad\u00e3os da terceira idade. Pessoas que contribu\u00edram para a constru\u00e7\u00e3o da grandeza de Apucarana que hoje, aos 75 anos, pode dizer com seguran\u00e7a que \u00e9 uma cidade com um olhar social por toda a sua popula\u00e7\u00e3o\u201d, disse o prefeito.<br \/>\nSegundo ele, no que tange os cuidados com os idosos, os avan\u00e7os acontecem n\u00e3o s\u00f3 na assist\u00eancia social. \u201cMas de forma universal com investimentos em acessibilidade nas ruas, constru\u00e7\u00e3o de cal\u00e7adas, capacita\u00e7\u00f5es e outros cuidados atrav\u00e9s de pol\u00edticas p\u00fablicas praticadas por nossas secretarias municipais\u201d, pontua J\u00fanior da Femac.<br \/>\nReferenciados aos Centros de Refer\u00eancia da Assist\u00eancia Social (CRAS), os 42 Grupos Conviver est\u00e3o presentes em in\u00fameros bairros atendendo a mais de mil idosos com atividades sociais, f\u00edsicas, culturais, recreativas e intelectuais, contribuindo para evitar o isolamento social e para um envelhecimento mais saud\u00e1vel. Com encontros semanais, as a\u00e7\u00f5es acontecem em centros comunit\u00e1rios e paroquiais, em resid\u00eancias, sempre sob a coordena\u00e7\u00e3o de profissionais e oficineiros capacitados. \u201cAs atividades englobam ainda monitoramento da sa\u00fade, passeios e comemora\u00e7\u00f5es diversas\u201d, relata Ana Paula Nazarko, secret\u00e1ria Municipal da Assist\u00eancia Social. <\/p>\n","protected":false},"excerpt":{"rendered":"<p>A mostra, que reuniu artesanatos, croch\u00eas, toalhas, tapetes, panos de prato, entre outros produtos feitos \u00e0 m\u00e3o, foi conferida de perto pelo prefeito J\u00fanior da Femac (Foto: PMA)<\/p>\n","protected":false},"author":4,"featured_media":26980,"comment_status":"closed","ping_status":"open","sticky":false,"template":"","format":"standard","meta":{"footnotes":""},"categories":[24],"tags":[],"class_list":["post-26975","post","type-post","status-publish","format-standard","has-post-thumbnail","hentry","category-noticias"],"acf":[],"_links":{"self":[{"href":"http:\/\/www.apucarana.pr.gov.br\/site\/wp-json\/wp\/v2\/posts\/26975","targetHints":{"allow":["GET"]}}],"collection":[{"href":"http:\/\/www.apucarana.pr.gov.br\/site\/wp-json\/wp\/v2\/posts"}],"about":[{"href":"http:\/\/www.apucarana.pr.gov.br\/site\/wp-json\/wp\/v2\/types\/post"}],"author":[{"embeddable":true,"href":"http:\/\/www.apucarana.pr.gov.br\/site\/wp-json\/wp\/v2\/users\/4"}],"replies":[{"embeddable":true,"href":"http:\/\/www.apucarana.pr.gov.br\/site\/wp-json\/wp\/v2\/comments?post=26975"}],"version-history":[{"count":1,"href":"http:\/\/www.apucarana.pr.gov.br\/site\/wp-json\/wp\/v2\/posts\/26975\/revisions"}],"predecessor-version":[{"id":100097,"href":"http:\/\/www.apucarana.pr.gov.br\/site\/wp-json\/wp\/v2\/posts\/26975\/revisions\/100097"}],"wp:featuredmedia":[{"embeddable":true,"href":"http:\/\/www.apucarana.pr.gov.br\/site\/wp-json\/"}],"wp:attachment":[{"href":"http:\/\/www.apucarana.pr.gov.br\/site\/wp-json\/wp\/v2\/media?parent=26975"}],"wp:term":[{"taxonomy":"category","embeddable":true,"href":"http:\/\/www.apucarana.pr.gov.br\/site\/wp-json\/wp\/v2\/categories?post=26975"},{"taxonomy":"post_tag","embeddable":true,"href":"http:\/\/www.apucarana.pr.gov.br\/site\/wp-json\/wp\/v2\/tags?post=26975"}],"curies":[{"name":"wp","href":"https:\/\/api.w.org\/{rel}","templated":true}]}}