{"id":2697,"date":"2015-03-30T10:25:59","date_gmt":"2015-03-30T10:25:59","guid":{"rendered":"http:\/\/172.16.0.7\/site-antigo\/?p=2697"},"modified":"2024-10-08T09:10:15","modified_gmt":"2024-10-08T12:10:15","slug":"paixao-de-cristo-tera-duas-apresentacoes-no-cine-teatro-fenix","status":"publish","type":"post","link":"http:\/\/www.apucarana.pr.gov.br\/site\/paixao-de-cristo-tera-duas-apresentacoes-no-cine-teatro-fenix\/","title":{"rendered":"Paix\u00e3o de Cristo ter\u00e1 duas apresenta\u00e7\u00f5es no Cine Teatro F\u00eanix"},"content":{"rendered":"<\/p>\n<p>A prefeitura, atrav\u00e9s da Secretaria da Promo\u00e7\u00e3o Art\u00edstica, Cultural e Tur\u00edstica, est\u00e1 preparando um grande espet\u00e1culo da Paix\u00e3o de Cristo para o p\u00fablico de Apucarana e regi\u00e3o. A estreia \u00e9 nesta ter\u00e7a-feira (31\/03), com reapresenta\u00e7\u00e3o no dia seguinte, 1\u00ba de abril, sempre \u00e0s 20h30, no Cine Teatro F\u00eanix. A entrada \u00e9 franca e os ingressos para os dois dias do espet\u00e1culo devem ser retirados antecipadamente, lembrando que a capacidade do teatro \u00e9 de 480 lugares.<\/p>\n<p>Os ensaios da pe\u00e7a teatral &ldquo;Paix\u00e3o de Cristo Segundo Cristino&rdquo; d\u00e3o mostra da estrutura que ser\u00e1 montada em torno da apresenta\u00e7\u00e3o. No elenco est\u00e3o os alunos da Escola Municipal de Teatro, que neste ano viu o n\u00famero de participantes crescer de 20 para 110. A Paix\u00e3o de Cristo Segundo Cristino foi escrita por Geraldo Vandr\u00e9, em 1968, para a celebra\u00e7\u00e3o da Semana Santa da Igreja de S\u00e3o Domingos das Perdizes, em S\u00e3o Paulo. Com o assessoramento teol\u00f3gico dos frades dominicanos, Vandr\u00e9 escreveu uma das mais belas p\u00e1ginas lit\u00fargicas populares sobre a paix\u00e3o e a morte de Jesus Cristo.<\/p>\n<p>Durante anos a pe\u00e7a foi apresentada na igreja dos dominicanos como mem\u00f3ria e celebra\u00e7\u00e3o de tantos que, a partir de 1968, viveram na sua pr\u00f3pria carne a persegui\u00e7\u00e3o, cal\u00fania, ex\u00edlio, agonia, paix\u00e3o e morte. A Secretaria Municipal da Promo\u00e7\u00e3o Art\u00edstica, Cultural e Tur\u00edstica, ao recriar esta obra, atrav\u00e9s das Escolas Municipais de Teatro e Dan\u00e7a, celebra todos os homens e mulheres que deram as suas vidas para que surja um mundo novo e pleno na justi\u00e7a e fraternidade.<\/p>\n<p><\/p>\n","protected":false},"excerpt":{"rendered":"<p>A estreia do espet&aacute;culo &eacute; nesta ter&ccedil;a-feira (31\/03), com reapresenta&ccedil;&atilde;o no dia seguinte, sempre &agrave;s 20h30<\/p>\n","protected":false},"author":4,"featured_media":0,"comment_status":"closed","ping_status":"closed","sticky":false,"template":"","format":"standard","meta":{"footnotes":""},"categories":[24],"tags":[],"class_list":["post-2697","post","type-post","status-publish","format-standard","hentry","category-noticias"],"acf":[],"_links":{"self":[{"href":"http:\/\/www.apucarana.pr.gov.br\/site\/wp-json\/wp\/v2\/posts\/2697","targetHints":{"allow":["GET"]}}],"collection":[{"href":"http:\/\/www.apucarana.pr.gov.br\/site\/wp-json\/wp\/v2\/posts"}],"about":[{"href":"http:\/\/www.apucarana.pr.gov.br\/site\/wp-json\/wp\/v2\/types\/post"}],"author":[{"embeddable":true,"href":"http:\/\/www.apucarana.pr.gov.br\/site\/wp-json\/wp\/v2\/users\/4"}],"replies":[{"embeddable":true,"href":"http:\/\/www.apucarana.pr.gov.br\/site\/wp-json\/wp\/v2\/comments?post=2697"}],"version-history":[{"count":1,"href":"http:\/\/www.apucarana.pr.gov.br\/site\/wp-json\/wp\/v2\/posts\/2697\/revisions"}],"predecessor-version":[{"id":104182,"href":"http:\/\/www.apucarana.pr.gov.br\/site\/wp-json\/wp\/v2\/posts\/2697\/revisions\/104182"}],"wp:attachment":[{"href":"http:\/\/www.apucarana.pr.gov.br\/site\/wp-json\/wp\/v2\/media?parent=2697"}],"wp:term":[{"taxonomy":"category","embeddable":true,"href":"http:\/\/www.apucarana.pr.gov.br\/site\/wp-json\/wp\/v2\/categories?post=2697"},{"taxonomy":"post_tag","embeddable":true,"href":"http:\/\/www.apucarana.pr.gov.br\/site\/wp-json\/wp\/v2\/tags?post=2697"}],"curies":[{"name":"wp","href":"https:\/\/api.w.org\/{rel}","templated":true}]}}