{"id":26969,"date":"2019-10-03T16:06:25","date_gmt":"2019-10-03T19:06:25","guid":{"rendered":"http:\/\/172.16.0.7\/site-antigo\/?p=26969"},"modified":"2024-10-08T09:19:50","modified_gmt":"2024-10-08T12:19:50","slug":"prefeitura-usa-residuo-de-asfalto-em-estrada-rural","status":"publish","type":"post","link":"http:\/\/www.apucarana.pr.gov.br\/site\/prefeitura-usa-residuo-de-asfalto-em-estrada-rural\/","title":{"rendered":"Prefeitura usa res\u00edduo de asfalto em estrada rural"},"content":{"rendered":"<p>Res\u00edduos de asfalto produzidos pelas concession\u00e1rias de rodovia est\u00e3o sendo utilizados pela Secretaria de Servi\u00e7os P\u00fablicos da Prefeitura de Apucarana para promover melhorias na conhecida estrada rural da m\u00e1quina de arroz, no Distrito de Caixa de S\u00e3o Pedro. Com extens\u00e3o de aproximadamente dois quil\u00f4metros, o trecho \u00e9 uma liga\u00e7\u00e3o entre o distrito e a PR-444.<br \/>\nO prefeito J\u00fanior da Femac, que nesta quinta-feira (03\/10) vistoriou o resultado dos trabalhos na companhia do vereador Franciley de Godoi \u201cPoim\u201d, revelou que o material asf\u00e1ltico foi viabilizado pelo Secret\u00e1rio de Estado da Casa Civil, Guto Silva. \u201cEle tem um carinho muito grande pelo vereador Poim, que \u00e9 um grande batalhador por esta grande regi\u00e3o, Caixa de S\u00e3o Pedro e Pirap\u00f3, e tamb\u00e9m tem um carinho por Apucarana, e por isso destinou este material para que pud\u00e9ssemos realizar este trabalho, que est\u00e1 ficando muito bem feito\u201d, disse o prefeito, destacando a dedica\u00e7\u00e3o da equipe de oper\u00e1rios e maquinistas chefiada pelo secret\u00e1rio de Servi\u00e7os P\u00fablicos, Jaime Gon\u00e7alves.<br \/>\nRecentemente, em uma primeira etapa, a prefeitura j\u00e1 havia promovido recupera\u00e7\u00e3o de parte da estrada. \u201cQuero agradecer a compreens\u00e3o dos produtores. Estivemos aqui no in\u00edcio do ano e depois precisamos parar para atender emergencialmente outras regi\u00f5es, mas voltamos agora a tempo de promover este belo trabalho\u201d, disse o prefeito, que tem ra\u00edzes no distrito. \u201cMeu bisav\u00f4 Luiz Tosch foi o primeiro a chegar na Caixa de S\u00e3o Pedro, minha m\u00e3e nasceu aqui no s\u00edtio da Figueira, ent\u00e3o fico muito feliz em ver coisas boas acontecendo no distrito\u201d, complementou J\u00fanior da Femac. \u201cRecentemente, tamb\u00e9m atrav\u00e9s do Guto Silva, do Governador Ratinho J\u00fanior, executamos este mesmo tipo de melhoria, com res\u00edduo asf\u00e1ltico, nas ruas da Vila Rural Terra Prometida\u201d, recordou.<br \/>\nA primeira etapa de recupera\u00e7\u00e3o da estrada da m\u00e1quina de arroz, realizada no in\u00edcio do ano, foi feita em parceria com os produtores rurais, que cederam reservas pr\u00f3prias de cascalho, e envolveu ainda limpeza geral, limpeza de caixas de conten\u00e7\u00e3o de \u00e1guas pluviais e execu\u00e7\u00e3o de lombadas. \u201cTrazer melhorias para a zona rural, este \u00e9 o trabalho que venho realizando com todo apoio dos secret\u00e1rios de Estado Guto Silva, Jo\u00e3o Ortega (Desenvolvimento Urbano e Obras P\u00fablicas), Beto Preto (Sa\u00fade), do governador Ratinho J\u00fanior e do prefeito J\u00fanior da Femac. Com isso estamos levamos mais qualidade de vida para os produtores rurais atrav\u00e9s de uma estrada com melhor trafegabilidade\u201d, disse o vereador Poim, revelando que a estrada \u00e9 muito utilizada para o escoamento da safra agr\u00edcola e da avicultura. <\/p>\n","protected":false},"excerpt":{"rendered":"<p>Em vistoria ao local, o prefeito J\u00fanior revelou que o material utilizado em estrada do Distrito de Caixa de S\u00e3o Pedro foi viabilizado pelo Secret\u00e1rio de Estado da Casa Civil, Guto Silva (Foto: PMA)<\/p>\n","protected":false},"author":4,"featured_media":26971,"comment_status":"closed","ping_status":"open","sticky":false,"template":"","format":"standard","meta":{"footnotes":""},"categories":[24],"tags":[],"class_list":["post-26969","post","type-post","status-publish","format-standard","has-post-thumbnail","hentry","category-noticias"],"acf":[],"_links":{"self":[{"href":"http:\/\/www.apucarana.pr.gov.br\/site\/wp-json\/wp\/v2\/posts\/26969","targetHints":{"allow":["GET"]}}],"collection":[{"href":"http:\/\/www.apucarana.pr.gov.br\/site\/wp-json\/wp\/v2\/posts"}],"about":[{"href":"http:\/\/www.apucarana.pr.gov.br\/site\/wp-json\/wp\/v2\/types\/post"}],"author":[{"embeddable":true,"href":"http:\/\/www.apucarana.pr.gov.br\/site\/wp-json\/wp\/v2\/users\/4"}],"replies":[{"embeddable":true,"href":"http:\/\/www.apucarana.pr.gov.br\/site\/wp-json\/wp\/v2\/comments?post=26969"}],"version-history":[{"count":1,"href":"http:\/\/www.apucarana.pr.gov.br\/site\/wp-json\/wp\/v2\/posts\/26969\/revisions"}],"predecessor-version":[{"id":100098,"href":"http:\/\/www.apucarana.pr.gov.br\/site\/wp-json\/wp\/v2\/posts\/26969\/revisions\/100098"}],"wp:featuredmedia":[{"embeddable":true,"href":"http:\/\/www.apucarana.pr.gov.br\/site\/wp-json\/"}],"wp:attachment":[{"href":"http:\/\/www.apucarana.pr.gov.br\/site\/wp-json\/wp\/v2\/media?parent=26969"}],"wp:term":[{"taxonomy":"category","embeddable":true,"href":"http:\/\/www.apucarana.pr.gov.br\/site\/wp-json\/wp\/v2\/categories?post=26969"},{"taxonomy":"post_tag","embeddable":true,"href":"http:\/\/www.apucarana.pr.gov.br\/site\/wp-json\/wp\/v2\/tags?post=26969"}],"curies":[{"name":"wp","href":"https:\/\/api.w.org\/{rel}","templated":true}]}}