{"id":26962,"date":"2019-10-03T15:29:06","date_gmt":"2019-10-03T18:29:06","guid":{"rendered":"http:\/\/172.16.0.7\/site-antigo\/?p=26962"},"modified":"2024-10-08T09:19:50","modified_gmt":"2024-10-08T12:19:50","slug":"recursos-garantem-abertura-de-novas-turmas-do-jovem-aprendiz","status":"publish","type":"post","link":"http:\/\/www.apucarana.pr.gov.br\/site\/recursos-garantem-abertura-de-novas-turmas-do-jovem-aprendiz\/","title":{"rendered":"Recursos garantem abertura de novas turmas do Jovem Aprendiz"},"content":{"rendered":"<p>O prefeito de Apucarana, Junior da Femac, fez nesta quinta-feira (03\/10) o repasse de R$ 126.500,00 a duas entidades sociais. Os recursos garantir\u00e3o a abertura de duas novas turmas do Programa Jovem Aprendiz. Mais 60 jovens, com idades entre 14 e 24 anos, ter\u00e3o a oportunidade de fazer um curso de aprendizagem na \u00e1rea administrativa.<br \/>\nAs entidades que fizeram a ades\u00e3o s\u00e3o a Escola de Desenvolvimento Humano Casa do Caminho (Edhucca) e a Fachisa Qualifica\u00e7\u00e3o Profissional. O termo que oficializa a transfer\u00eancia do dinheiro foi assinado em ato realizado no gabinete municipal. As entidades estiveram representadas por Aida Assun\u00e7\u00e3o, presidente da Edhucca, e por Milton Saviani, presidente da Fachisa. Tamb\u00e9m estiveram presentes outros membros da diretoria das entidades e a secret\u00e1ria municipal de Assist\u00eancia Social, Ana Paula Nazarko.<br \/>\nOs recursos s\u00e3o oriundos do Fundo Estadual da Inf\u00e2ncia e Adolesc\u00eancia e cada entidade beneficiada receber\u00e1 o valor de R$ 63.250,00. \u201cGostar\u00edamos que o repasse fosse mais r\u00e1pido, pois as entidades fizeram a ades\u00e3o em 2016, e somente agora est\u00e3o sendo contempladas. Sabemos, por\u00e9m, que existem etapas burocr\u00e1ticas que precisam ser vencidas at\u00e9 que esses recursos cheguem e os jovens possam ser atendidos\u201d, avalia Junior da Femac.<br \/>\nDe acordo com o prefeito, tanto a Fachisa quanto a Edhucca possuem listas de espera, cujo banco de dados ser\u00e1 utilizado para fazer a sele\u00e7\u00e3o dos jovens que integrar\u00e3o as novas turmas. \u201cO Jovem Aprendiz atende prioritariamente adolescentes e jovens em situa\u00e7\u00e3o de vulnerabilidade e agora mais 60 vagas ser\u00e3o abertas para atender esse p\u00fablico\u201d, frisa Junior da Femac.<br \/>\nA Edhucca iniciar\u00e1 a nova turma no pr\u00f3ximo m\u00eas, enquanto as atividades do curso na Fachisa come\u00e7ar\u00e3o em janeiro de 2020. O curso ter\u00e1 1.280 horas\/aula, com atividades te\u00f3ricas e pr\u00e1ticas de segunda a sexta-feira. \u201cS\u00e3o quatro horas di\u00e1rias de atividades, que s\u00e3o desenvolvidas um dia da semana na institui\u00e7\u00e3o e os outros quatro na empresa\u201d, explica Milton Saviani, presidente da Fachisa.<\/p>\n","protected":false},"excerpt":{"rendered":"<p>As entidades que fizeram a ades\u00e3o s\u00e3o a Escola de Desenvolvimento Humano Casa do Caminho (Edhucca) e a Fachisa Qualifica\u00e7\u00e3o Profissional (Foto: PMA)<\/p>\n","protected":false},"author":4,"featured_media":26967,"comment_status":"closed","ping_status":"open","sticky":false,"template":"","format":"standard","meta":{"footnotes":""},"categories":[24],"tags":[],"class_list":["post-26962","post","type-post","status-publish","format-standard","has-post-thumbnail","hentry","category-noticias"],"acf":[],"_links":{"self":[{"href":"http:\/\/www.apucarana.pr.gov.br\/site\/wp-json\/wp\/v2\/posts\/26962","targetHints":{"allow":["GET"]}}],"collection":[{"href":"http:\/\/www.apucarana.pr.gov.br\/site\/wp-json\/wp\/v2\/posts"}],"about":[{"href":"http:\/\/www.apucarana.pr.gov.br\/site\/wp-json\/wp\/v2\/types\/post"}],"author":[{"embeddable":true,"href":"http:\/\/www.apucarana.pr.gov.br\/site\/wp-json\/wp\/v2\/users\/4"}],"replies":[{"embeddable":true,"href":"http:\/\/www.apucarana.pr.gov.br\/site\/wp-json\/wp\/v2\/comments?post=26962"}],"version-history":[{"count":1,"href":"http:\/\/www.apucarana.pr.gov.br\/site\/wp-json\/wp\/v2\/posts\/26962\/revisions"}],"predecessor-version":[{"id":100099,"href":"http:\/\/www.apucarana.pr.gov.br\/site\/wp-json\/wp\/v2\/posts\/26962\/revisions\/100099"}],"wp:featuredmedia":[{"embeddable":true,"href":"http:\/\/www.apucarana.pr.gov.br\/site\/wp-json\/"}],"wp:attachment":[{"href":"http:\/\/www.apucarana.pr.gov.br\/site\/wp-json\/wp\/v2\/media?parent=26962"}],"wp:term":[{"taxonomy":"category","embeddable":true,"href":"http:\/\/www.apucarana.pr.gov.br\/site\/wp-json\/wp\/v2\/categories?post=26962"},{"taxonomy":"post_tag","embeddable":true,"href":"http:\/\/www.apucarana.pr.gov.br\/site\/wp-json\/wp\/v2\/tags?post=26962"}],"curies":[{"name":"wp","href":"https:\/\/api.w.org\/{rel}","templated":true}]}}