{"id":2696,"date":"2015-03-27T11:42:00","date_gmt":"2015-03-27T11:42:00","guid":{"rendered":"http:\/\/172.16.0.7\/site-antigo\/?p=2696"},"modified":"2024-10-08T09:10:15","modified_gmt":"2024-10-08T12:10:15","slug":"apucarana-promove-primeira-feira-de-produtos-organicos","status":"publish","type":"post","link":"http:\/\/www.apucarana.pr.gov.br\/site\/apucarana-promove-primeira-feira-de-produtos-organicos\/","title":{"rendered":"Apucarana promove primeira feira de produtos org&#226;nicos"},"content":{"rendered":"<p><p><span style=\"letter-spacing: -0.02em; line-height: 1.45em; background-color: initial;\">Ap\u00f3s capacitar 32 produtores no cultivo de org&acirc;nicos, a Prefeitura de Apucarana promover\u00e1 a I Feira de Produtos Livres de Agrot\u00f3xicos. O evento \u00e9 uma promo\u00e7\u00e3o da Secretaria Municipal de Agricultura e acontece na pr\u00f3xima quinta-feira (02\/04), na Pra\u00e7a Valmor Santos Giavarina (Pra\u00e7a da On\u00e7a), no per\u00edodo das 15 \u00e0s 22 horas. Ap\u00f3s a experi\u00eancia, inten\u00e7\u00e3o \u00e9 transformar a feira em evento permanente, realizado semanalmente.<br \/><\/span><span style=\"letter-spacing: -0.02em; line-height: 1.45em; background-color: initial;\"><br \/>O prefeito de Apucarana, Beto Preto, afirma que a feira \u00e9 uma das etapas do projeto de incentivo ao cultivo de org&acirc;nicos no Munic\u00edpio. &ldquo;Em 2014, realizamos o primeiro curso de org&acirc;nicos, que finalizou com 32 participantes. Durante o ano, os produtores rurais foram capacitados por t\u00e9cnicos da Secretaria da Agricultura e por especialistas convidados&rdquo;, lembra Beto Preto, informando ainda que uma nova turma est\u00e1 sendo qualificada em 2015.<br \/><\/span><span style=\"letter-spacing: -0.02em; line-height: 1.45em; background-color: initial;\"><br \/>Ao mesmo tempo em que aprendiam nas aulas te\u00f3ricas, os produtores iniciaram a aplica\u00e7\u00e3o das t\u00e9cnicas no campo. &ldquo;A feira oferecer\u00e1 uma variedade de produtos livres de agrot\u00f3xicos, basicamente hortali\u00e7as que s\u00e3o cultivadas nesta \u00e9poca do ano, como alface, almeir\u00e3o, r\u00facula, tomate, cenoura, cebolinha e salsinha, entre outros&rdquo;, exemplifica Jo\u00e3o Carmo Fonseca, secret\u00e1rio municipal de Agricultura.<br \/><\/span><span style=\"letter-spacing: -0.02em; line-height: 1.45em; background-color: initial;\"><br \/>O secret\u00e1rio destaca que o projeto traz benef\u00edcios ambientais, sociais e econ&ocirc;micos. &ldquo;&Eacute; um alimento produzido dentro dos crit\u00e9rios de seguran\u00e7a alimentar, significando um novo nicho de mercado para o produtor e, para o consumidor, uma oportunidade de adquirir um produto saud\u00e1vel e de \u00f3tima qualidade&rdquo;, assinala.<br \/><\/span><span style=\"letter-spacing: -0.02em; line-height: 1.45em; background-color: initial;\"><br \/>Fonseca afirma que os consumidores est\u00e3o cada vez mais atentos \u00e0s quest\u00f5es relacionadas \u00e0 seguran\u00e7a alimentar e, por isso, a inten\u00e7\u00e3o da Prefeitura \u00e9 transformar a feira em evento permanente. &ldquo;Vamos ver a aceita\u00e7\u00e3o dos consumidores, mas a nossa ideia \u00e9 realizar a Feira de Produtos Livres de Agrot\u00f3xicos semanalmente, \u00e0s quintas-feiras, no mesmo dia em que acontece a Feira da Lua&rdquo;, pontua o secret\u00e1rio municipal de Agricultura.<\/span><\/p>\n<p><\/p>\n","protected":false},"excerpt":{"rendered":"<p>A feira &eacute; uma das etapas do projeto de incentivo ao cultivo de org&acirc;nicos no Munic&iacute;pio<\/p>\n","protected":false},"author":4,"featured_media":0,"comment_status":"closed","ping_status":"closed","sticky":false,"template":"","format":"standard","meta":{"footnotes":""},"categories":[24],"tags":[],"class_list":["post-2696","post","type-post","status-publish","format-standard","hentry","category-noticias"],"acf":[],"_links":{"self":[{"href":"http:\/\/www.apucarana.pr.gov.br\/site\/wp-json\/wp\/v2\/posts\/2696","targetHints":{"allow":["GET"]}}],"collection":[{"href":"http:\/\/www.apucarana.pr.gov.br\/site\/wp-json\/wp\/v2\/posts"}],"about":[{"href":"http:\/\/www.apucarana.pr.gov.br\/site\/wp-json\/wp\/v2\/types\/post"}],"author":[{"embeddable":true,"href":"http:\/\/www.apucarana.pr.gov.br\/site\/wp-json\/wp\/v2\/users\/4"}],"replies":[{"embeddable":true,"href":"http:\/\/www.apucarana.pr.gov.br\/site\/wp-json\/wp\/v2\/comments?post=2696"}],"version-history":[{"count":1,"href":"http:\/\/www.apucarana.pr.gov.br\/site\/wp-json\/wp\/v2\/posts\/2696\/revisions"}],"predecessor-version":[{"id":104185,"href":"http:\/\/www.apucarana.pr.gov.br\/site\/wp-json\/wp\/v2\/posts\/2696\/revisions\/104185"}],"wp:attachment":[{"href":"http:\/\/www.apucarana.pr.gov.br\/site\/wp-json\/wp\/v2\/media?parent=2696"}],"wp:term":[{"taxonomy":"category","embeddable":true,"href":"http:\/\/www.apucarana.pr.gov.br\/site\/wp-json\/wp\/v2\/categories?post=2696"},{"taxonomy":"post_tag","embeddable":true,"href":"http:\/\/www.apucarana.pr.gov.br\/site\/wp-json\/wp\/v2\/tags?post=2696"}],"curies":[{"name":"wp","href":"https:\/\/api.w.org\/{rel}","templated":true}]}}