{"id":26956,"date":"2019-10-02T18:00:09","date_gmt":"2019-10-02T21:00:09","guid":{"rendered":"http:\/\/172.16.0.7\/site-antigo\/?p=26956"},"modified":"2024-10-08T09:19:50","modified_gmt":"2024-10-08T12:19:50","slug":"prestes-construtora-cadastra-familias-para-o-residencial-viverti-apucarana","status":"publish","type":"post","link":"http:\/\/www.apucarana.pr.gov.br\/site\/prestes-construtora-cadastra-familias-para-o-residencial-viverti-apucarana\/","title":{"rendered":"Prestes Construtora cadastra fam\u00edlias para o Residencial Viverti Apucarana"},"content":{"rendered":"<p>A Prestes Construtora e Incorporadora, respons\u00e1vel pela execu\u00e7\u00e3o das obras do Viverti Apucarana, realiza nesta sexta-feira (4), \u00e0s 18h30, no sal\u00e3o nobre da prefeitura, um processo de cadastramento de fam\u00edlias interessadas em conquistar a casa pr\u00f3pria. A a\u00e7\u00e3o, que ocorre em parceria com Munic\u00edpio, \u00e9 uma forma de identificar poss\u00edveis clientes, do Minha Casa Minha Vida, faixa 2.<br \/>\nSegundo o gerente comercial da Prestes em Apucarana, Fernando Consentino, o objetivo \u00e9 apresentar \u00e0s pessoas interessadas a possibilidade de adquirir uma das unidades do Viverti, com subs\u00eddios do programa Minha Casa Minha Vida, que chegam at\u00e9 R$ 26 mil reais. Para participar, a orienta\u00e7\u00e3o \u00e9 que as fam\u00edlias compare\u00e7am munidas de documentos pessoais (RG, CPF, certid\u00e3o de nascimento ou casamento, carteira de trabalho), comprovante de resid\u00eancia e de renda.<br \/>\nO Viverti, que \u00e9 o primeiro bairro planejado do munic\u00edpio, contar\u00e1 com unidades habitacionais, terrenos comerciais e residenciais e o LOV, um shopping do bem que tr\u00e1s um conceito inovador, com lojas e servi\u00e7os essenciais \u00e0 comunidade. O Viverti Apucarana ser\u00e1 implantado junto ao Clube de Campo \u00c1gua Azul, com 192 casas de 43 e 49 m\u00b2, com parcelas mensais a partir de R$ 399. O lan\u00e7amento est\u00e1 previsto para a segunda quinzena de outubro, e as primeiras unidades custam a partir de 115 mil reais.<\/p>\n","protected":false},"excerpt":{"rendered":"<p>Processo visa garantir acesso de moradias populares num bairro planejado (Foto: reprodu\u00e7\u00e3o)<\/p>\n","protected":false},"author":4,"featured_media":26959,"comment_status":"closed","ping_status":"open","sticky":false,"template":"","format":"standard","meta":{"footnotes":""},"categories":[24],"tags":[],"class_list":["post-26956","post","type-post","status-publish","format-standard","has-post-thumbnail","hentry","category-noticias"],"acf":[],"_links":{"self":[{"href":"http:\/\/www.apucarana.pr.gov.br\/site\/wp-json\/wp\/v2\/posts\/26956","targetHints":{"allow":["GET"]}}],"collection":[{"href":"http:\/\/www.apucarana.pr.gov.br\/site\/wp-json\/wp\/v2\/posts"}],"about":[{"href":"http:\/\/www.apucarana.pr.gov.br\/site\/wp-json\/wp\/v2\/types\/post"}],"author":[{"embeddable":true,"href":"http:\/\/www.apucarana.pr.gov.br\/site\/wp-json\/wp\/v2\/users\/4"}],"replies":[{"embeddable":true,"href":"http:\/\/www.apucarana.pr.gov.br\/site\/wp-json\/wp\/v2\/comments?post=26956"}],"version-history":[{"count":1,"href":"http:\/\/www.apucarana.pr.gov.br\/site\/wp-json\/wp\/v2\/posts\/26956\/revisions"}],"predecessor-version":[{"id":100100,"href":"http:\/\/www.apucarana.pr.gov.br\/site\/wp-json\/wp\/v2\/posts\/26956\/revisions\/100100"}],"wp:featuredmedia":[{"embeddable":true,"href":"http:\/\/www.apucarana.pr.gov.br\/site\/wp-json\/"}],"wp:attachment":[{"href":"http:\/\/www.apucarana.pr.gov.br\/site\/wp-json\/wp\/v2\/media?parent=26956"}],"wp:term":[{"taxonomy":"category","embeddable":true,"href":"http:\/\/www.apucarana.pr.gov.br\/site\/wp-json\/wp\/v2\/categories?post=26956"},{"taxonomy":"post_tag","embeddable":true,"href":"http:\/\/www.apucarana.pr.gov.br\/site\/wp-json\/wp\/v2\/tags?post=26956"}],"curies":[{"name":"wp","href":"https:\/\/api.w.org\/{rel}","templated":true}]}}