{"id":2695,"date":"2015-03-27T15:31:59","date_gmt":"2015-03-27T15:31:59","guid":{"rendered":"http:\/\/172.16.0.7\/site-antigo\/?p=2695"},"modified":"2024-10-08T09:10:15","modified_gmt":"2024-10-08T12:10:15","slug":"prefeito-prestigia-celebracao-pelos-50-anos-da-diocese-de-apucarana","status":"publish","type":"post","link":"http:\/\/www.apucarana.pr.gov.br\/site\/prefeito-prestigia-celebracao-pelos-50-anos-da-diocese-de-apucarana\/","title":{"rendered":"Prefeito prestigia celebra\u00e7\u00e3o pelos 50 anos da Diocese de Apucarana"},"content":{"rendered":"<p><p><span style=\"letter-spacing: -0.02em; line-height: 1.45em; background-color: initial;\">O Poder Executivode Apucarana esteve representado na missa solene do Jubileu de Ouro da Diocese de Apucarana. O prefeito Beto Preto e o vice, J\u00fanior da Femac, participaram da solenidade, que lotou a Catedral Nossa Senhora de Lourdes na noite de quinta-feira (26\/03). A celebra\u00e7\u00e3o foi presidida pelo cardeal do Vaticano, Dom Jo\u00e3o Bras de Aviz, que foi padre na Diocese por mais de 20 anos.<br \/><\/span><span style=\"letter-spacing: -0.02em; line-height: 1.45em; background-color: initial;\"><br \/>A missa especial durou aproximadamente tr\u00eas horas, onde tamb\u00e9m foram prestadas diversas homenagens. Aos leigos, e pioneiros, aos consagrados religiosos, aos padres e bispos, entre eles Dom Celso Ant&ocirc;nio Marchiori, atual bispo diocesano de Apucarana.<br \/><\/span><span style=\"letter-spacing: -0.02em; line-height: 1.45em; background-color: initial;\"><br \/>Ao final do evento o prefeito Beto Preto disse que era importante participar deste momento hist\u00f3rico de religiosidade da comunidade regional. &ldquo;S\u00f3 temos que agradecer aos bispos, padres e leigos por constru\u00edrem essa bel\u00edssima trajet\u00f3ria da Igreja Cat\u00f3lica em Apucarana e regi\u00e3o. Que Deus aben\u00e7oe a vida de todas as pessoas, representadas pelo Bispo Diocesano Dom Celso Ant&ocirc;nio Marchiori, e o vig\u00e1rio geral, padre Paulinho Amaral.<br \/><\/span><span style=\"letter-spacing: -0.02em; line-height: 1.45em; background-color: initial;\"><br \/>O cardeal Dom Jo\u00e3o Br\u00e1s de Aviz recebeu cumprimentos de dezenas de pessoas ao final da celebra\u00e7\u00e3o. &ldquo;Vive um ter\u00e7o de minha vida em Apucarana, aqui \u00e9 meu ninho, de onde sai bispo em 1.994. Fiquei feliz ao encontrar uma cidade bonita, bem cuidada e em desenvolvimento, com mais trabalho para as fam\u00edlias&rdquo;, manifestou o Cardeal Dom Jo\u00e3o Braz de Aviz, acrescentando que nunca esquece as suas origens e que Apucarana, Borraz\u00f3polis e toda a regi\u00e3o est\u00e3o diariamente em suas ora\u00e7\u00f5es, mesmo atuando no Vaticano, junto ao Papa Francisco.<\/span><\/p><\/p>\n","protected":false},"excerpt":{"rendered":"<p>A missa especial durou aproximadamente tr&ecirc;s horas, onde tamb&eacute;m foram prestadas diversas homenagens<\/p>\n","protected":false},"author":4,"featured_media":0,"comment_status":"closed","ping_status":"closed","sticky":false,"template":"","format":"standard","meta":{"footnotes":""},"categories":[24],"tags":[],"class_list":["post-2695","post","type-post","status-publish","format-standard","hentry","category-noticias"],"acf":[],"_links":{"self":[{"href":"http:\/\/www.apucarana.pr.gov.br\/site\/wp-json\/wp\/v2\/posts\/2695","targetHints":{"allow":["GET"]}}],"collection":[{"href":"http:\/\/www.apucarana.pr.gov.br\/site\/wp-json\/wp\/v2\/posts"}],"about":[{"href":"http:\/\/www.apucarana.pr.gov.br\/site\/wp-json\/wp\/v2\/types\/post"}],"author":[{"embeddable":true,"href":"http:\/\/www.apucarana.pr.gov.br\/site\/wp-json\/wp\/v2\/users\/4"}],"replies":[{"embeddable":true,"href":"http:\/\/www.apucarana.pr.gov.br\/site\/wp-json\/wp\/v2\/comments?post=2695"}],"version-history":[{"count":1,"href":"http:\/\/www.apucarana.pr.gov.br\/site\/wp-json\/wp\/v2\/posts\/2695\/revisions"}],"predecessor-version":[{"id":104184,"href":"http:\/\/www.apucarana.pr.gov.br\/site\/wp-json\/wp\/v2\/posts\/2695\/revisions\/104184"}],"wp:attachment":[{"href":"http:\/\/www.apucarana.pr.gov.br\/site\/wp-json\/wp\/v2\/media?parent=2695"}],"wp:term":[{"taxonomy":"category","embeddable":true,"href":"http:\/\/www.apucarana.pr.gov.br\/site\/wp-json\/wp\/v2\/categories?post=2695"},{"taxonomy":"post_tag","embeddable":true,"href":"http:\/\/www.apucarana.pr.gov.br\/site\/wp-json\/wp\/v2\/tags?post=2695"}],"curies":[{"name":"wp","href":"https:\/\/api.w.org\/{rel}","templated":true}]}}